{"id":6587,"date":"2025-07-10T10:37:58","date_gmt":"2025-07-10T14:37:58","guid":{"rendered":"https:\/\/suanoticiaaqui.com.br\/news\/?p=6587"},"modified":"2025-07-10T10:37:58","modified_gmt":"2025-07-10T14:37:58","slug":"pl-aciona-conselho-de-etica-contra-lindbergh-por-abuso-de-autoridade","status":"publish","type":"post","link":"https:\/\/suanoticiaaqui.com.br\/news\/2025\/07\/10\/pl-aciona-conselho-de-etica-contra-lindbergh-por-abuso-de-autoridade\/","title":{"rendered":"PL aciona Conselho de \u00c9tica contra Lindbergh por abuso de autoridade"},"content":{"rendered":"\n<p>Partido alega persegui\u00e7\u00e3o pol\u00edtica ap\u00f3s petista acionar PF contra opositores<\/p>\n\n\n\n<ul class=\"wp-block-list\">\n<li><a href=\"https:\/\/bradockshow.com.br\/author\/marcotoledo\/\"><\/a>por <a href=\"https:\/\/bradockshow.com.br\/author\/marcotoledo\/\">Marco Toledo<\/a><\/li>\n<\/ul>\n\n\n\n<p>O Partido Liberal (PL) protocolou representa\u00e7\u00e3o no Conselho de \u00c9tica da C\u00e2mara contra o deputado Lindbergh Farias (PT), alegando abuso de autoridade e comunica\u00e7\u00e3o falsa de crime.<\/p>\n\n\n\n<p>A medida foi tomada ap\u00f3s o petista solicitar investiga\u00e7\u00e3o da Pol\u00edcia Federal contra parlamentares de oposi\u00e7\u00e3o que participaram de miss\u00e3o oficial nos Estados Unidos.<\/p>\n\n\n\n<p>Segundo o PL, Lindbergh usou sua posi\u00e7\u00e3o institucional para atacar deputados de forma \u201cpessoal, difamat\u00f3ria e desrespeitosa\u201d, ultrapassando os limites do debate democr\u00e1tico. A sigla entende que o gesto visa silenciar advers\u00e1rios ideol\u00f3gicos sem apresentar provas, o que, segundo o partido, configura infra\u00e7\u00e3o ao C\u00f3digo Penal e \u00e0 Lei de Abuso de Autoridade.<\/p>\n\n\n\n<p>Entre os citados na not\u00edcia-crime est\u00e3o os deputados Bilynskyj, Salles, Caroline De Toni, entre outros, al\u00e9m do senador Jorge Seif. O PL pede que o Conselho de \u00c9tica adote provid\u00eancias. At\u00e9 o momento, Lindbergh Farias n\u00e3o se pronunciou.<\/p>\n\n\n\n<p><\/p>\n","protected":false},"excerpt":{"rendered":"<p>Partido alega persegui\u00e7\u00e3o pol\u00edtica ap\u00f3s petista acionar PF contra opositores O Partido Liberal (PL) protocolou representa\u00e7\u00e3o no Conselho de \u00c9tica&hellip;<\/p>\n","protected":false},"author":1,"featured_media":6588,"comment_status":"open","ping_status":"open","sticky":false,"template":"","format":"standard","meta":{"footnotes":""},"categories":[1],"tags":[],"class_list":["post-6587","post","type-post","status-publish","format-standard","has-post-thumbnail","hentry","category-uncategorized"],"_links":{"self":[{"href":"https:\/\/suanoticiaaqui.com.br\/news\/wp-json\/wp\/v2\/posts\/6587","targetHints":{"allow":["GET"]}}],"collection":[{"href":"https:\/\/suanoticiaaqui.com.br\/news\/wp-json\/wp\/v2\/posts"}],"about":[{"href":"https:\/\/suanoticiaaqui.com.br\/news\/wp-json\/wp\/v2\/types\/post"}],"author":[{"embeddable":true,"href":"https:\/\/suanoticiaaqui.com.br\/news\/wp-json\/wp\/v2\/users\/1"}],"replies":[{"embeddable":true,"href":"https:\/\/suanoticiaaqui.com.br\/news\/wp-json\/wp\/v2\/comments?post=6587"}],"version-history":[{"count":1,"href":"https:\/\/suanoticiaaqui.com.br\/news\/wp-json\/wp\/v2\/posts\/6587\/revisions"}],"predecessor-version":[{"id":6589,"href":"https:\/\/suanoticiaaqui.com.br\/news\/wp-json\/wp\/v2\/posts\/6587\/revisions\/6589"}],"wp:featuredmedia":[{"embeddable":true,"href":"https:\/\/suanoticiaaqui.com.br\/news\/wp-json\/wp\/v2\/media\/6588"}],"wp:attachment":[{"href":"https:\/\/suanoticiaaqui.com.br\/news\/wp-json\/wp\/v2\/media?parent=6587"}],"wp:term":[{"taxonomy":"category","embeddable":true,"href":"https:\/\/suanoticiaaqui.com.br\/news\/wp-json\/wp\/v2\/categories?post=6587"},{"taxonomy":"post_tag","embeddable":true,"href":"https:\/\/suanoticiaaqui.com.br\/news\/wp-json\/wp\/v2\/tags?post=6587"}],"curies":[{"name":"wp","href":"https:\/\/api.w.org\/{rel}","templated":true}]}}