{"id":6590,"date":"2025-07-10T10:38:56","date_gmt":"2025-07-10T14:38:56","guid":{"rendered":"https:\/\/suanoticiaaqui.com.br\/news\/?p=6590"},"modified":"2025-07-10T10:38:56","modified_gmt":"2025-07-10T14:38:56","slug":"nao-e-sobre-armas-e-sobre-liberdade","status":"publish","type":"post","link":"https:\/\/suanoticiaaqui.com.br\/news\/2025\/07\/10\/nao-e-sobre-armas-e-sobre-liberdade\/","title":{"rendered":"N\u00e3o \u00e9 sobre armas, \u00e9 sobre liberdade"},"content":{"rendered":"\n<p>As primeiras a\u00e7\u00f5es de um regime totalit\u00e1rio \u00e9 atacar esses direitos: liberdade de express\u00e3o e leg\u00edtima defesa<\/p>\n\n\n\n<ul class=\"wp-block-list\">\n<li><a href=\"https:\/\/bradockshow.com.br\/author\/marcotoledo\/\"><\/a>por <a href=\"https:\/\/bradockshow.com.br\/author\/marcotoledo\/\">Marco Toledo<\/a><\/li>\n<\/ul>\n\n\n\n<p><strong><em>Por Gustavo Lopes<\/em><\/strong><\/p>\n\n\n\n<p>Os regimes totalit\u00e1rios, ao longo da hist\u00f3ria, tinham alguns tra\u00e7os em comum: supress\u00e3o das liberdades individuais, aparato estatal controlador, alta carga tribut\u00e1ria e, claro, proibi\u00e7\u00e3o de que os cidad\u00e3os tenham armas e se expressem livremente. Lembrou algum lugar?<\/p>\n\n\n\n<p>Pois \u00e9, no Brasil, o bin\u00f4mio liberdade de defesa e de express\u00e3o \u00e9 considerado um atentado ao tal \u201cEstado Democr\u00e1tico de Direito\u201d. N\u00e3o por acaso Stalin, o comunista genocida (com perd\u00e3o do pleonasmo), costumava ponderar que \u201cse n\u00e3o permitimos que nossos inimigos tenham armas, porque vamos permitir que tenham ideias?\u201d.<\/p>\n\n\n\n<p>O \u201cinimigo\u201d, no caso, somos n\u00f3s, o povo. Os \u201cpequenos tiranos\u201d, que ousam ter opini\u00e3o e insistem em ter o direito de defender sua vida e de sua fam\u00edlia. E isso n\u00e3o tem absolutamente nada a ver com esquerda ou direita. O direito \u00e0 leg\u00edtima defesa inclusive est\u00e1 (ou deveria estar) acima de qualquer lei. Isso \u00e9 algo intr\u00ednseco ao ser humano antes mesmo do surgimento do Estado.<\/p>\n\n\n\n<p>As primeiras a\u00e7\u00f5es de um regime totalit\u00e1rio \u00e9 atacar esses direitos: liberdade de express\u00e3o e leg\u00edtima defesa. Logicamente que alegam fazer isso em nome da democracia, da liberdade e dos mais altos valores. Mentira! Simplesmente, mentira. Trata-se \u00fanica e exclusivamente de controle social. Benjamin Franklin, um dos pais fundadores dos Estados Unidos e um sujeito que, definitivamente, n\u00e3o se pode taxar de antidemocr\u00e1tico, dizia que um governo que n\u00e3o confia em seus cidad\u00e3os armados n\u00e3o merece confian\u00e7a. A ele tamb\u00e9m \u00e9 atribu\u00edda a senten\u00e7a de que \u201cquando todas as armas forem de propriedade do governo, ele decidir\u00e1 de quem s\u00e3o as outras propriedades\u201d.<\/p>\n\n\n\n<p>De novo, conseguem ver alguma semelhan\u00e7a com o nosso atual estado de coisas? Percebem que o controle total est\u00e1 sendo feito lentamente, como um salame cortado em finas fatias? N\u00e3o se enganem, condenar as redes sociais n\u00e3o tem nada a ver com democracia. Pelo contr\u00e1rio, tem a ver com controle social. E isso afeta a todos.<\/p>\n\n\n\n<p>Proibir que o cidad\u00e3o tenha uma arma para defender sua fam\u00edlia, n\u00e3o tem nada a ver com combate \u00e0 viol\u00eancia, tem a ver com monop\u00f3lio da for\u00e7a. E detalhe: neste ano completam-se 20 anos do plebiscito que perguntou \u00e0 sociedade se era contra o com\u00e9rcio de armas de fogo. Lembram disso? Pois bem, a vontade popular decidiu, por esmagadora maioria, que n\u00e3o deveria haver tal restri\u00e7\u00e3o, mas esse resultado do plebiscito \u2013 express\u00e3o m\u00e1xima da democracia (plebiscito: decreto da plebe) \u2013 jamais foi respeitado.<\/p>\n\n\n\n<p>O argumento, pat\u00e9tico de t\u00e3o fr\u00e1gil, de que menos armas resultaria em menos mortes, foi simplesmente destro\u00e7ado pelos fatos: o n\u00famero de mortes por armas de fogo cresceu vertiginosamente nesses anos de controle e restri\u00e7\u00e3o.<\/p>\n\n\n\n<p>Essa restri\u00e7\u00e3o foi imposta pelos nazistas, na Fran\u00e7a ocupada; pelos comunistas, na Uni\u00e3o Sovi\u00e9tica; pelos bolivarianos, na Venezuela; tamb\u00e9m em Cuba, na China, na Alemanha Oriental, na Cor\u00e9ia do Norte e in\u00fameras outras \u201cdemocracias\u201d. Os resultados (e objetivos) todos sabem quais foram. Quem s\u00e3o mesmo os tiranos?<\/p>\n","protected":false},"excerpt":{"rendered":"<p>As primeiras a\u00e7\u00f5es de um regime totalit\u00e1rio \u00e9 atacar esses direitos: liberdade de express\u00e3o e leg\u00edtima defesa Por Gustavo Lopes&hellip;<\/p>\n","protected":false},"author":1,"featured_media":6591,"comment_status":"open","ping_status":"open","sticky":false,"template":"","format":"standard","meta":{"footnotes":""},"categories":[1],"tags":[],"class_list":["post-6590","post","type-post","status-publish","format-standard","has-post-thumbnail","hentry","category-uncategorized"],"_links":{"self":[{"href":"https:\/\/suanoticiaaqui.com.br\/news\/wp-json\/wp\/v2\/posts\/6590","targetHints":{"allow":["GET"]}}],"collection":[{"href":"https:\/\/suanoticiaaqui.com.br\/news\/wp-json\/wp\/v2\/posts"}],"about":[{"href":"https:\/\/suanoticiaaqui.com.br\/news\/wp-json\/wp\/v2\/types\/post"}],"author":[{"embeddable":true,"href":"https:\/\/suanoticiaaqui.com.br\/news\/wp-json\/wp\/v2\/users\/1"}],"replies":[{"embeddable":true,"href":"https:\/\/suanoticiaaqui.com.br\/news\/wp-json\/wp\/v2\/comments?post=6590"}],"version-history":[{"count":1,"href":"https:\/\/suanoticiaaqui.com.br\/news\/wp-json\/wp\/v2\/posts\/6590\/revisions"}],"predecessor-version":[{"id":6592,"href":"https:\/\/suanoticiaaqui.com.br\/news\/wp-json\/wp\/v2\/posts\/6590\/revisions\/6592"}],"wp:featuredmedia":[{"embeddable":true,"href":"https:\/\/suanoticiaaqui.com.br\/news\/wp-json\/wp\/v2\/media\/6591"}],"wp:attachment":[{"href":"https:\/\/suanoticiaaqui.com.br\/news\/wp-json\/wp\/v2\/media?parent=6590"}],"wp:term":[{"taxonomy":"category","embeddable":true,"href":"https:\/\/suanoticiaaqui.com.br\/news\/wp-json\/wp\/v2\/categories?post=6590"},{"taxonomy":"post_tag","embeddable":true,"href":"https:\/\/suanoticiaaqui.com.br\/news\/wp-json\/wp\/v2\/tags?post=6590"}],"curies":[{"name":"wp","href":"https:\/\/api.w.org\/{rel}","templated":true}]}}