{"id":6596,"date":"2025-07-10T10:41:14","date_gmt":"2025-07-10T14:41:14","guid":{"rendered":"https:\/\/suanoticiaaqui.com.br\/news\/?p=6596"},"modified":"2025-07-10T10:41:14","modified_gmt":"2025-07-10T14:41:14","slug":"kim-quer-explicacoes-de-ministro-sobre-ong-ligada-ao-pcc","status":"publish","type":"post","link":"https:\/\/suanoticiaaqui.com.br\/news\/2025\/07\/10\/kim-quer-explicacoes-de-ministro-sobre-ong-ligada-ao-pcc\/","title":{"rendered":"Kim quer explica\u00e7\u00f5es de ministro sobre ONG ligada ao PCC"},"content":{"rendered":"\n<p>Entidade que articulou agenda de Lula \u00e9 suspeita de envolvimento com o tr\u00e1fico em S\u00e3o Paulo<\/p>\n\n\n\n<ul class=\"wp-block-list\">\n<li><a href=\"https:\/\/bradockshow.com.br\/author\/marcotoledo\/\"><\/a>por <a href=\"https:\/\/bradockshow.com.br\/author\/marcotoledo\/\">Marco Toledo<\/a><\/li>\n<\/ul>\n\n\n\n<p>O deputado federal Kim Kataguiri (Uni\u00e3o-SP) solicitou a convoca\u00e7\u00e3o do ministro M\u00e1rcio Mac\u00eado, da Secretaria-Geral da Presid\u00eancia, para explicar a visita do presidente Lula \u00e0 Favela do Moinho.<\/p>\n\n\n\n<p>A ONG respons\u00e1vel pela agenda, segundo o portal&nbsp;<em>Metr\u00f3poles<\/em>, teve sua sede usada como dep\u00f3sito de drogas do PCC.<\/p>\n\n\n\n<p>Documentos mostram que a Associa\u00e7\u00e3o da Comunidade do Moinho estaria ligada ao tr\u00e1fico local, e seu presidente seria irm\u00e3o de um l\u00edder preso do crime organizado. Kim cobra esclarecimentos sobre os crit\u00e9rios adotados pelo governo para interlocu\u00e7\u00e3o com a entidade. Em 2023, outra pol\u00eamica envolveu a presen\u00e7a da \u201cdama do tr\u00e1fico amazonense\u201d em reuni\u00f5es no Minist\u00e9rio da Justi\u00e7a.<\/p>\n","protected":false},"excerpt":{"rendered":"<p>Entidade que articulou agenda de Lula \u00e9 suspeita de envolvimento com o tr\u00e1fico em S\u00e3o Paulo O deputado federal Kim&hellip;<\/p>\n","protected":false},"author":1,"featured_media":6597,"comment_status":"open","ping_status":"open","sticky":false,"template":"","format":"standard","meta":{"footnotes":""},"categories":[1],"tags":[],"class_list":["post-6596","post","type-post","status-publish","format-standard","has-post-thumbnail","hentry","category-uncategorized"],"_links":{"self":[{"href":"https:\/\/suanoticiaaqui.com.br\/news\/wp-json\/wp\/v2\/posts\/6596","targetHints":{"allow":["GET"]}}],"collection":[{"href":"https:\/\/suanoticiaaqui.com.br\/news\/wp-json\/wp\/v2\/posts"}],"about":[{"href":"https:\/\/suanoticiaaqui.com.br\/news\/wp-json\/wp\/v2\/types\/post"}],"author":[{"embeddable":true,"href":"https:\/\/suanoticiaaqui.com.br\/news\/wp-json\/wp\/v2\/users\/1"}],"replies":[{"embeddable":true,"href":"https:\/\/suanoticiaaqui.com.br\/news\/wp-json\/wp\/v2\/comments?post=6596"}],"version-history":[{"count":1,"href":"https:\/\/suanoticiaaqui.com.br\/news\/wp-json\/wp\/v2\/posts\/6596\/revisions"}],"predecessor-version":[{"id":6598,"href":"https:\/\/suanoticiaaqui.com.br\/news\/wp-json\/wp\/v2\/posts\/6596\/revisions\/6598"}],"wp:featuredmedia":[{"embeddable":true,"href":"https:\/\/suanoticiaaqui.com.br\/news\/wp-json\/wp\/v2\/media\/6597"}],"wp:attachment":[{"href":"https:\/\/suanoticiaaqui.com.br\/news\/wp-json\/wp\/v2\/media?parent=6596"}],"wp:term":[{"taxonomy":"category","embeddable":true,"href":"https:\/\/suanoticiaaqui.com.br\/news\/wp-json\/wp\/v2\/categories?post=6596"},{"taxonomy":"post_tag","embeddable":true,"href":"https:\/\/suanoticiaaqui.com.br\/news\/wp-json\/wp\/v2\/tags?post=6596"}],"curies":[{"name":"wp","href":"https:\/\/api.w.org\/{rel}","templated":true}]}}