{"id":6606,"date":"2025-07-11T09:11:43","date_gmt":"2025-07-11T13:11:43","guid":{"rendered":"https:\/\/suanoticiaaqui.com.br\/news\/?p=6606"},"modified":"2025-07-11T09:11:43","modified_gmt":"2025-07-11T13:11:43","slug":"feira-do-parque-dos-ipes-vira-referencia-gastronomica","status":"publish","type":"post","link":"https:\/\/suanoticiaaqui.com.br\/news\/2025\/07\/11\/feira-do-parque-dos-ipes-vira-referencia-gastronomica\/","title":{"rendered":"Feira do Parque dos Ip\u00eas vira refer\u00eancia gastron\u00f4mica"},"content":{"rendered":"\n<ul class=\"wp-block-list\">\n<li>por Ligado na Noticia<\/li>\n<\/ul>\n\n\n\n<p>A prefeitura de Dourados inovou na organiza\u00e7\u00e3o da Feira Livre do Parque dos Ip\u00eas e o local virou a mais nova refer\u00eancia gastron\u00f4mica do munic\u00edpio, atraindo p\u00fablicos de todas as idades e das mais diferentes classes sociais em busca de lazer, cultura e arte regados a chopp artesanal e pratos t\u00edpicos dos mais variados Estados e at\u00e9 de outros pa\u00edses que hoje fazem parte do cotidiano douradense. \u201cEstamos realizando muito mais que uma feira livre, estamos construindo um espa\u00e7o de confraterniza\u00e7\u00e3o para as fam\u00edlias n\u00e3o apenas daquela regi\u00e3o de Dourados, mas, tamb\u00e9m de bairros distantes que se concentram no local para momentos de sabor\u201d, enfatiza Bruno Pontim, secret\u00e1rio municipal de Agricultura Familiar, pasta respons\u00e1vel pela administra\u00e7\u00e3o das feiras.<\/p>\n\n\n\n<p>Nesta ter\u00e7a-feira (8) quem compareceu \u00e0 Feira Livre do Parque dos Ip\u00eas, carinhosamente batizada de \u201cFeirinha dos Ip\u00eas\u201d, teve uma grata surpresa: o local estava todo decorado para receber o p\u00fablico em uma animada Festa Julina, com direito a m\u00fasica ao vivo, espa\u00e7o para dan\u00e7a e muito forr\u00f3 para animar a noite. A feira ficou totalmente lotada, com todas as barracas, food-trucks e espa\u00e7os de conviv\u00eancia ocupados pelo p\u00fablico que compareceu n\u00e3o apenas para saborear os pratos t\u00edpicos das festas de meio de ano, mas, tamb\u00e9m, para conhecer a variedade gastron\u00f4mica da Feirinha dos Ip\u00eas.<\/p>\n\n\n\n<p>As op\u00e7\u00f5es foram para todos os paladares. Tinha comida t\u00edpica da Venezuela, do Jap\u00e3o, do Paraguai, al\u00e9m de del\u00edcias da culin\u00e1ria brasileira como o baiano acaraj\u00e9, espetinhos gourmet, lingui\u00e7a t\u00edpica de Maracaju, cachorro quente gourmet, churros variados, past\u00e9is, p\u00e3es e biscoitos coloniais, enfim, a gastronomia estava presente em todos os cantos do Parque dos Ip\u00eas. Tudo isso regado ao melhor chopp artesanal, inclusive chopp de vinho onde o p\u00fablico tinha a op\u00e7\u00e3o de ser servido ou abastecia um cart\u00e3o com cr\u00e9ditos e se auto-servia nas chopeiras.<\/p>\n\n\n\n<p>Outro atrativo foi o espa\u00e7o kids pensado justamente para garantir a tranquilidade dos pais que visitam o local com crian\u00e7as pequenas. Enquanto os adultos saboreiam as del\u00edcias culin\u00e1rias ou degustam uma caneca de chopp, os pequenos podem se divertir nos brinquedos estrategicamente montados para eles. \u201cA inten\u00e7\u00e3o \u00e9 proporcionar bem-estar, conforto e comodidade para todos, alinhando a oportunidade de neg\u00f3cios para os feirantes e expositores com o prazer da conviv\u00eancia saud\u00e1vel para os frequentadores\u201d, explica Bruno Pontim.<\/p>\n\n\n\n<p>A novidade \u00e9 que a Feira Livre do Parque dos Ip\u00eas voltou a receber as barracas com hortifrutigranjeiros, como produtos que saem direto da agricultura familiar para a mesa do consumidor. Quem passou pela Feirinha dos Ip\u00eas encontrou uma variedade de alfaces, r\u00facula, almeir\u00e3o, br\u00f3colis, salsinha, cebolinha, coentro, couve, enfim, tudo que uma boa horta \u00e9 capaz de produzir e, tamb\u00e9m, uma infinidade de legumes e frutas. \u201cA volta das barracas de hortifrutis para a feira do Parque dos Ip\u00eas \u00e9 um marco importante e recebeu o apoio total do p\u00fablico que frequenta o local\u201d, comenta o secret\u00e1rio de Agricultura Familiar.<\/p>\n\n\n\n<p>Al\u00e9m de tudo isso, o p\u00fablico tamb\u00e9m encontrou bancas de artesanato, inclusive ind\u00edgena, de confec\u00e7\u00f5es, bijuterias, brinquedos, enfim, tem quase tudo na Feirinha dos Ip\u00eas, inclusive coquetelaria com variedade de drinks, confeitaria com bolos gourmet variados, compotas de doce, mel natural, embutidos e queijos variados. \u00c9 moda, cultura, arte e sabor que n\u00e3o acaba!<\/p>\n","protected":false},"excerpt":{"rendered":"<p>A prefeitura de Dourados inovou na organiza\u00e7\u00e3o da Feira Livre do Parque dos Ip\u00eas e o local virou a mais&hellip;<\/p>\n","protected":false},"author":1,"featured_media":6607,"comment_status":"open","ping_status":"open","sticky":false,"template":"","format":"standard","meta":{"footnotes":""},"categories":[1],"tags":[],"class_list":["post-6606","post","type-post","status-publish","format-standard","has-post-thumbnail","hentry","category-uncategorized"],"_links":{"self":[{"href":"https:\/\/suanoticiaaqui.com.br\/news\/wp-json\/wp\/v2\/posts\/6606","targetHints":{"allow":["GET"]}}],"collection":[{"href":"https:\/\/suanoticiaaqui.com.br\/news\/wp-json\/wp\/v2\/posts"}],"about":[{"href":"https:\/\/suanoticiaaqui.com.br\/news\/wp-json\/wp\/v2\/types\/post"}],"author":[{"embeddable":true,"href":"https:\/\/suanoticiaaqui.com.br\/news\/wp-json\/wp\/v2\/users\/1"}],"replies":[{"embeddable":true,"href":"https:\/\/suanoticiaaqui.com.br\/news\/wp-json\/wp\/v2\/comments?post=6606"}],"version-history":[{"count":1,"href":"https:\/\/suanoticiaaqui.com.br\/news\/wp-json\/wp\/v2\/posts\/6606\/revisions"}],"predecessor-version":[{"id":6608,"href":"https:\/\/suanoticiaaqui.com.br\/news\/wp-json\/wp\/v2\/posts\/6606\/revisions\/6608"}],"wp:featuredmedia":[{"embeddable":true,"href":"https:\/\/suanoticiaaqui.com.br\/news\/wp-json\/wp\/v2\/media\/6607"}],"wp:attachment":[{"href":"https:\/\/suanoticiaaqui.com.br\/news\/wp-json\/wp\/v2\/media?parent=6606"}],"wp:term":[{"taxonomy":"category","embeddable":true,"href":"https:\/\/suanoticiaaqui.com.br\/news\/wp-json\/wp\/v2\/categories?post=6606"},{"taxonomy":"post_tag","embeddable":true,"href":"https:\/\/suanoticiaaqui.com.br\/news\/wp-json\/wp\/v2\/tags?post=6606"}],"curies":[{"name":"wp","href":"https:\/\/api.w.org\/{rel}","templated":true}]}}