{"id":6615,"date":"2025-07-11T09:18:36","date_gmt":"2025-07-11T13:18:36","guid":{"rendered":"https:\/\/suanoticiaaqui.com.br\/news\/?p=6615"},"modified":"2025-07-11T09:18:36","modified_gmt":"2025-07-11T13:18:36","slug":"carro-furtado-na-bahia-e-recuperado-pelo-dof-em-iguatemi","status":"publish","type":"post","link":"https:\/\/suanoticiaaqui.com.br\/news\/2025\/07\/11\/carro-furtado-na-bahia-e-recuperado-pelo-dof-em-iguatemi\/","title":{"rendered":"Carro furtado na Bahia \u00e9 recuperado pelo DOF em Iguatemi"},"content":{"rendered":"\n<ul class=\"wp-block-list\">\n<li>\u00a0por Ligado na Noticia<\/li>\n<\/ul>\n\n\n\n<p>Policiais do DOF (Departamento de Opera\u00e7\u00f5es de Fronteira) recuperaram nesta quarta-feira (9\/7), em Iguatemi, um ve\u00edculo Hyundai Creta com registro de furto na Bahia. Na a\u00e7\u00e3o, um homem de 28 anos foi preso.<\/p>\n\n\n\n<p>Os militares faziam bloqueio na MS-295, quando abordaram o autom\u00f3vel. Ao checar as placas e agregados do ve\u00edculo, constatou-se registro de furto no m\u00eas passado na cidade de Salvador (BA).<\/p>\n\n\n\n<p>O condutor informou aos policiais que pegou o autom\u00f3vel com um desconhecido em S\u00e3o Paulo (SP) e receberia R$ 2 mil para deix\u00e1-lo em Paranhos.<\/p>\n\n\n\n<p>A ocorr\u00eancia foi registrada e entregue, juntamente com o autor e o ve\u00edculo, na Delegacia de PC (Pol\u00edcia Civil) em Iguatemi.<\/p>\n","protected":false},"excerpt":{"rendered":"<p>Policiais do DOF (Departamento de Opera\u00e7\u00f5es de Fronteira) recuperaram nesta quarta-feira (9\/7), em Iguatemi, um ve\u00edculo Hyundai Creta com registro&hellip;<\/p>\n","protected":false},"author":1,"featured_media":6616,"comment_status":"open","ping_status":"open","sticky":false,"template":"","format":"standard","meta":{"footnotes":""},"categories":[1],"tags":[],"class_list":["post-6615","post","type-post","status-publish","format-standard","has-post-thumbnail","hentry","category-uncategorized"],"_links":{"self":[{"href":"https:\/\/suanoticiaaqui.com.br\/news\/wp-json\/wp\/v2\/posts\/6615","targetHints":{"allow":["GET"]}}],"collection":[{"href":"https:\/\/suanoticiaaqui.com.br\/news\/wp-json\/wp\/v2\/posts"}],"about":[{"href":"https:\/\/suanoticiaaqui.com.br\/news\/wp-json\/wp\/v2\/types\/post"}],"author":[{"embeddable":true,"href":"https:\/\/suanoticiaaqui.com.br\/news\/wp-json\/wp\/v2\/users\/1"}],"replies":[{"embeddable":true,"href":"https:\/\/suanoticiaaqui.com.br\/news\/wp-json\/wp\/v2\/comments?post=6615"}],"version-history":[{"count":1,"href":"https:\/\/suanoticiaaqui.com.br\/news\/wp-json\/wp\/v2\/posts\/6615\/revisions"}],"predecessor-version":[{"id":6617,"href":"https:\/\/suanoticiaaqui.com.br\/news\/wp-json\/wp\/v2\/posts\/6615\/revisions\/6617"}],"wp:featuredmedia":[{"embeddable":true,"href":"https:\/\/suanoticiaaqui.com.br\/news\/wp-json\/wp\/v2\/media\/6616"}],"wp:attachment":[{"href":"https:\/\/suanoticiaaqui.com.br\/news\/wp-json\/wp\/v2\/media?parent=6615"}],"wp:term":[{"taxonomy":"category","embeddable":true,"href":"https:\/\/suanoticiaaqui.com.br\/news\/wp-json\/wp\/v2\/categories?post=6615"},{"taxonomy":"post_tag","embeddable":true,"href":"https:\/\/suanoticiaaqui.com.br\/news\/wp-json\/wp\/v2\/tags?post=6615"}],"curies":[{"name":"wp","href":"https:\/\/api.w.org\/{rel}","templated":true}]}}