{"id":6627,"date":"2025-07-11T09:28:29","date_gmt":"2025-07-11T13:28:29","guid":{"rendered":"https:\/\/suanoticiaaqui.com.br\/news\/?p=6627"},"modified":"2025-07-11T09:28:29","modified_gmt":"2025-07-11T13:28:29","slug":"policia-federal-apreende-carga-ilegal-e-prende-5-em-flagrante-em-campo-grande","status":"publish","type":"post","link":"https:\/\/suanoticiaaqui.com.br\/news\/2025\/07\/11\/policia-federal-apreende-carga-ilegal-e-prende-5-em-flagrante-em-campo-grande\/","title":{"rendered":"Pol\u00edcia Federal apreende carga ilegal e prende 5 em flagrante em Campo Grande"},"content":{"rendered":"\n<ul class=\"wp-block-list\">\n<li>por Ligado na Noticia <\/li>\n<\/ul>\n\n\n\n<p>A PF (Pol\u00edcia Federal) apreendeu na manh\u00e3 desta quinta-feira (10\/7), grande quantidade de mercadorias estrangeiras introduzidas irregularmente no pa\u00eds. A a\u00e7\u00e3o, coordenada pela Delefaz (Delegacia de Repress\u00e3o a Crimes Fazend\u00e1rios), contou com o apoio da DRE (Delegacia de Repress\u00e3o a Entorpecentes) e foi realizada em um galp\u00e3o localizado em Campo Grande.<\/p>\n\n\n\n<p>No local funcionava um entreposto utilizado para armazenar e movimentar produtos introduzidos no territ\u00f3rio nacional sem o cumprimento das exig\u00eancias legais da legisla\u00e7\u00e3o aduaneira. No momento da abordagem, os policiais interceptaram uma carreta que deixava o local, al\u00e9m de apreenderem tr\u00eas ve\u00edculos e conduzirem cinco pessoas que se encontravam no im\u00f3vel.<\/p>\n\n\n\n<p>Durante a fiscaliza\u00e7\u00e3o, foram encontrados diversos itens de origem estrangeira, como cigarros, cigarros eletr\u00f4nicos, ess\u00eancias para narguil\u00e9, \u00f3culos e outras mercadorias. O destino da carga seria a cidade de S\u00e3o Paulo (SP), de onde seria distribu\u00edda para outros estados.<\/p>\n\n\n\n<p>Os cinco envolvidos foram presos em flagrante e conduzidos \u00e0 Superintend\u00eancia Regional da Pol\u00edcia Federal, onde foram autuados por contrabando, descaminho e associa\u00e7\u00e3o criminosa.<\/p>\n\n\n\n<p>Todos os ve\u00edculos e produtos foram apreendidos para os procedimentos legais cab\u00edveis. A apura\u00e7\u00e3o envolve ind\u00edcios dos crimes de tr\u00e1fico de drogas e associa\u00e7\u00e3o para o tr\u00e1fico.<\/p>\n","protected":false},"excerpt":{"rendered":"<p>A PF (Pol\u00edcia Federal) apreendeu na manh\u00e3 desta quinta-feira (10\/7), grande quantidade de mercadorias estrangeiras introduzidas irregularmente no pa\u00eds. A&hellip;<\/p>\n","protected":false},"author":1,"featured_media":6628,"comment_status":"open","ping_status":"open","sticky":false,"template":"","format":"standard","meta":{"footnotes":""},"categories":[1],"tags":[],"class_list":["post-6627","post","type-post","status-publish","format-standard","has-post-thumbnail","hentry","category-uncategorized"],"_links":{"self":[{"href":"https:\/\/suanoticiaaqui.com.br\/news\/wp-json\/wp\/v2\/posts\/6627","targetHints":{"allow":["GET"]}}],"collection":[{"href":"https:\/\/suanoticiaaqui.com.br\/news\/wp-json\/wp\/v2\/posts"}],"about":[{"href":"https:\/\/suanoticiaaqui.com.br\/news\/wp-json\/wp\/v2\/types\/post"}],"author":[{"embeddable":true,"href":"https:\/\/suanoticiaaqui.com.br\/news\/wp-json\/wp\/v2\/users\/1"}],"replies":[{"embeddable":true,"href":"https:\/\/suanoticiaaqui.com.br\/news\/wp-json\/wp\/v2\/comments?post=6627"}],"version-history":[{"count":1,"href":"https:\/\/suanoticiaaqui.com.br\/news\/wp-json\/wp\/v2\/posts\/6627\/revisions"}],"predecessor-version":[{"id":6629,"href":"https:\/\/suanoticiaaqui.com.br\/news\/wp-json\/wp\/v2\/posts\/6627\/revisions\/6629"}],"wp:featuredmedia":[{"embeddable":true,"href":"https:\/\/suanoticiaaqui.com.br\/news\/wp-json\/wp\/v2\/media\/6628"}],"wp:attachment":[{"href":"https:\/\/suanoticiaaqui.com.br\/news\/wp-json\/wp\/v2\/media?parent=6627"}],"wp:term":[{"taxonomy":"category","embeddable":true,"href":"https:\/\/suanoticiaaqui.com.br\/news\/wp-json\/wp\/v2\/categories?post=6627"},{"taxonomy":"post_tag","embeddable":true,"href":"https:\/\/suanoticiaaqui.com.br\/news\/wp-json\/wp\/v2\/tags?post=6627"}],"curies":[{"name":"wp","href":"https:\/\/api.w.org\/{rel}","templated":true}]}}