{"id":6633,"date":"2025-07-11T09:32:15","date_gmt":"2025-07-11T13:32:15","guid":{"rendered":"https:\/\/suanoticiaaqui.com.br\/news\/?p=6633"},"modified":"2025-07-11T09:32:15","modified_gmt":"2025-07-11T13:32:15","slug":"governo-reage-a-tarifa-de-trump-mas-foca-em-narrativa-politica","status":"publish","type":"post","link":"https:\/\/suanoticiaaqui.com.br\/news\/2025\/07\/11\/governo-reage-a-tarifa-de-trump-mas-foca-em-narrativa-politica\/","title":{"rendered":"Governo reage \u00e0 tarifa de Trump, mas foca em narrativa pol\u00edtica"},"content":{"rendered":"\n<p>Lula aciona ministros e tenta responsabilizar advers\u00e1rios pela crise nas exporta\u00e7\u00f5es<\/p>\n\n\n\n<ul class=\"wp-block-list\">\n<li><a href=\"https:\/\/bradockshow.com.br\/author\/marcotoledo\/\"><\/a>por <a href=\"https:\/\/bradockshow.com.br\/author\/marcotoledo\/\">Marco Toledo<\/a><\/li>\n<\/ul>\n\n\n\n<p>Ap\u00f3s a tarifa de 50% imposta pelos Estados Unidos a produtos brasileiros, o presidente Lula definiu tr\u00eas frentes de rea\u00e7\u00e3o, mas com forte \u00eanfase no impacto pol\u00edtico. A primeira medida ser\u00e1 ouvir setores da economia mais afetados, como o agroneg\u00f3cio e a ind\u00fastria, prometendo articula\u00e7\u00f5es para conter preju\u00edzos. O gesto tenta reaproximar o Planalto de segmentos que mant\u00eam dist\u00e2ncia do atual governo.<\/p>\n\n\n\n<p>A segunda frente envolve articula\u00e7\u00e3o diplom\u00e1tica. Lula escalou Haddad, Alckmin e Mauro Vieira para dialogar com autoridades americanas e cogita acionar a OMC, alegando quebra de regras de concorr\u00eancia.<\/p>\n\n\n\n<p>A terceira frente, no entanto, mira no campo pol\u00edtico: o governo tenta transferir a responsabilidade da crise a gest\u00f5es anteriores, explorando narrativas para blindar a imagem do presidente.<\/p>\n\n\n\n<p>A rea\u00e7\u00e3o, mais centrada em discursos do que em solu\u00e7\u00f5es objetivas, levanta d\u00favidas sobre a real efic\u00e1cia das medidas diante dos preju\u00edzos j\u00e1 anunciados por exportadores.<\/p>\n","protected":false},"excerpt":{"rendered":"<p>Lula aciona ministros e tenta responsabilizar advers\u00e1rios pela crise nas exporta\u00e7\u00f5es Ap\u00f3s a tarifa de 50% imposta pelos Estados Unidos&hellip;<\/p>\n","protected":false},"author":1,"featured_media":6634,"comment_status":"open","ping_status":"open","sticky":false,"template":"","format":"standard","meta":{"footnotes":""},"categories":[1],"tags":[],"class_list":["post-6633","post","type-post","status-publish","format-standard","has-post-thumbnail","hentry","category-uncategorized"],"_links":{"self":[{"href":"https:\/\/suanoticiaaqui.com.br\/news\/wp-json\/wp\/v2\/posts\/6633","targetHints":{"allow":["GET"]}}],"collection":[{"href":"https:\/\/suanoticiaaqui.com.br\/news\/wp-json\/wp\/v2\/posts"}],"about":[{"href":"https:\/\/suanoticiaaqui.com.br\/news\/wp-json\/wp\/v2\/types\/post"}],"author":[{"embeddable":true,"href":"https:\/\/suanoticiaaqui.com.br\/news\/wp-json\/wp\/v2\/users\/1"}],"replies":[{"embeddable":true,"href":"https:\/\/suanoticiaaqui.com.br\/news\/wp-json\/wp\/v2\/comments?post=6633"}],"version-history":[{"count":1,"href":"https:\/\/suanoticiaaqui.com.br\/news\/wp-json\/wp\/v2\/posts\/6633\/revisions"}],"predecessor-version":[{"id":6635,"href":"https:\/\/suanoticiaaqui.com.br\/news\/wp-json\/wp\/v2\/posts\/6633\/revisions\/6635"}],"wp:featuredmedia":[{"embeddable":true,"href":"https:\/\/suanoticiaaqui.com.br\/news\/wp-json\/wp\/v2\/media\/6634"}],"wp:attachment":[{"href":"https:\/\/suanoticiaaqui.com.br\/news\/wp-json\/wp\/v2\/media?parent=6633"}],"wp:term":[{"taxonomy":"category","embeddable":true,"href":"https:\/\/suanoticiaaqui.com.br\/news\/wp-json\/wp\/v2\/categories?post=6633"},{"taxonomy":"post_tag","embeddable":true,"href":"https:\/\/suanoticiaaqui.com.br\/news\/wp-json\/wp\/v2\/tags?post=6633"}],"curies":[{"name":"wp","href":"https:\/\/api.w.org\/{rel}","templated":true}]}}