{"id":6644,"date":"2025-07-15T15:54:59","date_gmt":"2025-07-15T19:54:59","guid":{"rendered":"https:\/\/suanoticiaaqui.com.br\/news\/?p=6644"},"modified":"2025-07-15T15:54:59","modified_gmt":"2025-07-15T19:54:59","slug":"colisao-entre-caminhonete-e-carreta-mata-uma-pessoa-na-br-163","status":"publish","type":"post","link":"https:\/\/suanoticiaaqui.com.br\/news\/2025\/07\/15\/colisao-entre-caminhonete-e-carreta-mata-uma-pessoa-na-br-163\/","title":{"rendered":"Colis\u00e3o entre caminhonete e carreta mata uma pessoa na BR-163"},"content":{"rendered":"\n<ul class=\"wp-block-list\">\n<li>por Luiz Guilherme<\/li>\n<\/ul>\n\n\n\n<p>Colis\u00e3o envolvendo caminhonete Ford Ranger e carreta, na BR-163, mais especificamente no trecho conhecido como \u201cCurva do Sr. Adelino\u201d, em Nova Alvorada do Sul, matou uma pessoa na manh\u00e3 desta segunda-feira (14\/7).<\/p>\n\n\n\n<p>Segundo o Campo Grande News, equipes da concession\u00e1ria que administra a rodovia, da PRF (Pol\u00edcia Rodovi\u00e1ria Federal), Corpo de Bombeiros e per\u00edcia j\u00e1 est\u00e3o no local.<\/p>\n\n\n\n<p>As primeiras informa\u00e7\u00f5es s\u00e3o de que um animal teria atravessado a pista e foi atingido por um dos ve\u00edculos, ocasionando a batida frontal. No entanto, as circunst\u00e2ncias do acidente ainda ser\u00e3o investigadas.<\/p>\n\n\n\n<p>A v\u00edtima que morreu era ocupante da caminhonete, mas ainda n\u00e3o teve o nome confirmado pela pol\u00edcia. O ve\u00edculo tem placas de Campo Grande. Tamb\u00e9m n\u00e3o h\u00e1 informa\u00e7\u00f5es sobre outros feridos. A reportagem acompanha.<\/p>\n\n\n\n<p>O tr\u00e2nsito n\u00e3o foi interrompido, mas est\u00e1 fluindo com lentid\u00e3o. H\u00e1 registro de congestionamento e \u00e9 necess\u00e1rio que os condutores redobrem a aten\u00e7\u00e3o.<\/p>\n","protected":false},"excerpt":{"rendered":"<p>Colis\u00e3o envolvendo caminhonete Ford Ranger e carreta, na BR-163, mais especificamente no trecho conhecido como \u201cCurva do Sr. Adelino\u201d, em&hellip;<\/p>\n","protected":false},"author":1,"featured_media":6645,"comment_status":"open","ping_status":"open","sticky":false,"template":"","format":"standard","meta":{"footnotes":""},"categories":[1],"tags":[],"class_list":["post-6644","post","type-post","status-publish","format-standard","has-post-thumbnail","hentry","category-uncategorized"],"_links":{"self":[{"href":"https:\/\/suanoticiaaqui.com.br\/news\/wp-json\/wp\/v2\/posts\/6644","targetHints":{"allow":["GET"]}}],"collection":[{"href":"https:\/\/suanoticiaaqui.com.br\/news\/wp-json\/wp\/v2\/posts"}],"about":[{"href":"https:\/\/suanoticiaaqui.com.br\/news\/wp-json\/wp\/v2\/types\/post"}],"author":[{"embeddable":true,"href":"https:\/\/suanoticiaaqui.com.br\/news\/wp-json\/wp\/v2\/users\/1"}],"replies":[{"embeddable":true,"href":"https:\/\/suanoticiaaqui.com.br\/news\/wp-json\/wp\/v2\/comments?post=6644"}],"version-history":[{"count":1,"href":"https:\/\/suanoticiaaqui.com.br\/news\/wp-json\/wp\/v2\/posts\/6644\/revisions"}],"predecessor-version":[{"id":6646,"href":"https:\/\/suanoticiaaqui.com.br\/news\/wp-json\/wp\/v2\/posts\/6644\/revisions\/6646"}],"wp:featuredmedia":[{"embeddable":true,"href":"https:\/\/suanoticiaaqui.com.br\/news\/wp-json\/wp\/v2\/media\/6645"}],"wp:attachment":[{"href":"https:\/\/suanoticiaaqui.com.br\/news\/wp-json\/wp\/v2\/media?parent=6644"}],"wp:term":[{"taxonomy":"category","embeddable":true,"href":"https:\/\/suanoticiaaqui.com.br\/news\/wp-json\/wp\/v2\/categories?post=6644"},{"taxonomy":"post_tag","embeddable":true,"href":"https:\/\/suanoticiaaqui.com.br\/news\/wp-json\/wp\/v2\/tags?post=6644"}],"curies":[{"name":"wp","href":"https:\/\/api.w.org\/{rel}","templated":true}]}}