{"id":6647,"date":"2025-07-15T15:55:46","date_gmt":"2025-07-15T19:55:46","guid":{"rendered":"https:\/\/suanoticiaaqui.com.br\/news\/?p=6647"},"modified":"2025-07-15T15:55:46","modified_gmt":"2025-07-15T19:55:46","slug":"agronomo-de-dourados-morre-em-acidente-de-carro-em-rodovia-de-minas-gerais","status":"publish","type":"post","link":"https:\/\/suanoticiaaqui.com.br\/news\/2025\/07\/15\/agronomo-de-dourados-morre-em-acidente-de-carro-em-rodovia-de-minas-gerais\/","title":{"rendered":"Agr\u00f4nomo de Dourados morre em acidente de carro em rodovia de Minas Gerais"},"content":{"rendered":"\n<ul class=\"wp-block-list\">\n<li>por Luiz Guilherme<\/li>\n<\/ul>\n\n\n\n<p>Rodrigo Keite Arakawa, engenheiro agr\u00f4nomo formado pela UFGD (Universidade Federal da Grande Dourados), morreu nesta segunda-feira (14\/7), em acidente na MG-255, no munic\u00edpio de Itapagipe (MG).<\/p>\n\n\n\n<p>Segundo informa\u00e7\u00f5es do Corpo de Bombeiros, o ve\u00edculo de Rodrigo perdeu o controle, saiu da pista e colidiu com uma \u00e1rvore.<\/p>\n\n\n\n<p>O agr\u00f4nomo douradense estava sozinho no carro e n\u00e3o resistiu aos ferimentos.<\/p>\n\n\n\n<p>As circunst\u00e2ncias do acidente s\u00e3o investigadas pela PM (Pol\u00edcia Militar) de Minas Gerais.<\/p>\n","protected":false},"excerpt":{"rendered":"<p>Rodrigo Keite Arakawa, engenheiro agr\u00f4nomo formado pela UFGD (Universidade Federal da Grande Dourados), morreu nesta segunda-feira (14\/7), em acidente na&hellip;<\/p>\n","protected":false},"author":1,"featured_media":6648,"comment_status":"open","ping_status":"open","sticky":false,"template":"","format":"standard","meta":{"footnotes":""},"categories":[1],"tags":[],"class_list":["post-6647","post","type-post","status-publish","format-standard","has-post-thumbnail","hentry","category-uncategorized"],"_links":{"self":[{"href":"https:\/\/suanoticiaaqui.com.br\/news\/wp-json\/wp\/v2\/posts\/6647","targetHints":{"allow":["GET"]}}],"collection":[{"href":"https:\/\/suanoticiaaqui.com.br\/news\/wp-json\/wp\/v2\/posts"}],"about":[{"href":"https:\/\/suanoticiaaqui.com.br\/news\/wp-json\/wp\/v2\/types\/post"}],"author":[{"embeddable":true,"href":"https:\/\/suanoticiaaqui.com.br\/news\/wp-json\/wp\/v2\/users\/1"}],"replies":[{"embeddable":true,"href":"https:\/\/suanoticiaaqui.com.br\/news\/wp-json\/wp\/v2\/comments?post=6647"}],"version-history":[{"count":1,"href":"https:\/\/suanoticiaaqui.com.br\/news\/wp-json\/wp\/v2\/posts\/6647\/revisions"}],"predecessor-version":[{"id":6649,"href":"https:\/\/suanoticiaaqui.com.br\/news\/wp-json\/wp\/v2\/posts\/6647\/revisions\/6649"}],"wp:featuredmedia":[{"embeddable":true,"href":"https:\/\/suanoticiaaqui.com.br\/news\/wp-json\/wp\/v2\/media\/6648"}],"wp:attachment":[{"href":"https:\/\/suanoticiaaqui.com.br\/news\/wp-json\/wp\/v2\/media?parent=6647"}],"wp:term":[{"taxonomy":"category","embeddable":true,"href":"https:\/\/suanoticiaaqui.com.br\/news\/wp-json\/wp\/v2\/categories?post=6647"},{"taxonomy":"post_tag","embeddable":true,"href":"https:\/\/suanoticiaaqui.com.br\/news\/wp-json\/wp\/v2\/tags?post=6647"}],"curies":[{"name":"wp","href":"https:\/\/api.w.org\/{rel}","templated":true}]}}