{"id":6656,"date":"2025-07-15T16:04:08","date_gmt":"2025-07-15T20:04:08","guid":{"rendered":"https:\/\/suanoticiaaqui.com.br\/news\/?p=6656"},"modified":"2025-07-15T16:04:08","modified_gmt":"2025-07-15T20:04:08","slug":"produtor-rural-que-matou-vizinho-proximo-de-itahum-tem-prisao-decretada-pela-justica","status":"publish","type":"post","link":"https:\/\/suanoticiaaqui.com.br\/news\/2025\/07\/15\/produtor-rural-que-matou-vizinho-proximo-de-itahum-tem-prisao-decretada-pela-justica\/","title":{"rendered":"Produtor rural que matou vizinho pr\u00f3ximo de Itahum tem pris\u00e3o decretada pela Justi\u00e7a"},"content":{"rendered":"\n<ul class=\"wp-block-list\">\n<li>\u00a0por Luiz Guilherme e Sidnei Bronka<\/li>\n<\/ul>\n\n\n\n<p>A Justi\u00e7a decretou nesta segunda-feira (14\/7), a pris\u00e3o preventiva do produtor rural Paulo Afonso de Lima Lange, de 65 anos, que na \u00faltima quinta (10\/7), assassinou com um tiro no peito, o vizinho de propriedade, Volnei Kommers Beutinger, de 52, pr\u00f3ximo ao distrito de Itahum, em Dourados.<\/p>\n\n\n\n<p>O pedido da preventiva foi representado pelo delegado do SIG (Setor de Investiga\u00e7\u00f5es Gerais), Lucas Veppo, sob alega\u00e7\u00e3o de contradi\u00e7\u00f5es durante depoimento, cena do crime e omiss\u00e3o de socorro.<\/p>\n\n\n\n<p>Um dia ap\u00f3s o crime, na sexta-feira (11\/7), Paulo Afonso se apresentou \u00e0 pol\u00edcia, acompanhado de seu advogado, prestou esclarecimentos, mas foi liberado.<\/p>\n\n\n\n<p>Conforme mostrado anteriormente, no mesmo dia do assassinato do tamb\u00e9m produtor rural, Volnei Kommers, os investigadores localizaram e apreenderam a arma usada no homic\u00eddio, calibre 38, na casa do autor.<\/p>\n\n\n\n<p>O crime foi motivado por uma discuss\u00e3o entre Volnei e o filho de Paulo. Ele ent\u00e3o teria interferido e efetuado um disparo contra o vizinho, que foi atingido no peito e morreu ainda no local.<\/p>\n\n\n\n<p>Agora, o autor segue detido em uma das celas da Depac (Delegacia de Pronto Atendimento Comunit\u00e1rio), enquanto aguarda audi\u00eancia de cust\u00f3dia e eventual transfer\u00eancia para a PED (Penitenci\u00e1ria Estadual de Dourados).<\/p>\n","protected":false},"excerpt":{"rendered":"<p>A Justi\u00e7a decretou nesta segunda-feira (14\/7), a pris\u00e3o preventiva do produtor rural Paulo Afonso de Lima Lange, de 65 anos,&hellip;<\/p>\n","protected":false},"author":1,"featured_media":6657,"comment_status":"open","ping_status":"open","sticky":false,"template":"","format":"standard","meta":{"footnotes":""},"categories":[1],"tags":[],"class_list":["post-6656","post","type-post","status-publish","format-standard","has-post-thumbnail","hentry","category-uncategorized"],"_links":{"self":[{"href":"https:\/\/suanoticiaaqui.com.br\/news\/wp-json\/wp\/v2\/posts\/6656","targetHints":{"allow":["GET"]}}],"collection":[{"href":"https:\/\/suanoticiaaqui.com.br\/news\/wp-json\/wp\/v2\/posts"}],"about":[{"href":"https:\/\/suanoticiaaqui.com.br\/news\/wp-json\/wp\/v2\/types\/post"}],"author":[{"embeddable":true,"href":"https:\/\/suanoticiaaqui.com.br\/news\/wp-json\/wp\/v2\/users\/1"}],"replies":[{"embeddable":true,"href":"https:\/\/suanoticiaaqui.com.br\/news\/wp-json\/wp\/v2\/comments?post=6656"}],"version-history":[{"count":1,"href":"https:\/\/suanoticiaaqui.com.br\/news\/wp-json\/wp\/v2\/posts\/6656\/revisions"}],"predecessor-version":[{"id":6658,"href":"https:\/\/suanoticiaaqui.com.br\/news\/wp-json\/wp\/v2\/posts\/6656\/revisions\/6658"}],"wp:featuredmedia":[{"embeddable":true,"href":"https:\/\/suanoticiaaqui.com.br\/news\/wp-json\/wp\/v2\/media\/6657"}],"wp:attachment":[{"href":"https:\/\/suanoticiaaqui.com.br\/news\/wp-json\/wp\/v2\/media?parent=6656"}],"wp:term":[{"taxonomy":"category","embeddable":true,"href":"https:\/\/suanoticiaaqui.com.br\/news\/wp-json\/wp\/v2\/categories?post=6656"},{"taxonomy":"post_tag","embeddable":true,"href":"https:\/\/suanoticiaaqui.com.br\/news\/wp-json\/wp\/v2\/tags?post=6656"}],"curies":[{"name":"wp","href":"https:\/\/api.w.org\/{rel}","templated":true}]}}