{"id":6659,"date":"2025-07-15T16:04:57","date_gmt":"2025-07-15T20:04:57","guid":{"rendered":"https:\/\/suanoticiaaqui.com.br\/news\/?p=6659"},"modified":"2025-07-15T16:04:57","modified_gmt":"2025-07-15T20:04:57","slug":"policia-militar-apreende-carga-de-contrabando-em-distrito-da-fronteira","status":"publish","type":"post","link":"https:\/\/suanoticiaaqui.com.br\/news\/2025\/07\/15\/policia-militar-apreende-carga-de-contrabando-em-distrito-da-fronteira\/","title":{"rendered":"Pol\u00edcia Militar apreende carga de contrabando em distrito da fronteira"},"content":{"rendered":"\n<ul class=\"wp-block-list\">\n<li>por Luiz Guilherme<\/li>\n<\/ul>\n\n\n\n<p>A\u00e7\u00e3o da PM (Pol\u00edcia Militar) resultou na apreens\u00e3o de mercadorias de origem paraguaia sem documenta\u00e7\u00e3o fiscal no s\u00e1bado (12\/7), na regi\u00e3o da Vila do Secador, distrito de Nova Itamarati, em Ponta Por\u00e3.<\/p>\n\n\n\n<p>Durante patrulhamento ostensivo e preventivo pela rodovia MS-164, os policiais visualizaram dois ve\u00edculos trafegando em alta velocidade. Ao perceber a presen\u00e7a da viatura, o primeiro carro \u2013 um Fiat Palio Weekend de cor prata \u2013 realizou manobra brusca e fugiu em dire\u00e7\u00e3o \u00e0 Vila do Secador. O segundo ve\u00edculo, um VW Golf com pel\u00edculas escuras e visivelmente carregado, foi abordado pela equipe.<\/p>\n\n\n\n<p>Na abordagem, o condutor relatou que transportava mercadorias contrabandeadas. Diante da situa\u00e7\u00e3o, a equipe conduziu o carro at\u00e9 o Grupamento da Pol\u00edcia Militar de Nova Itamarati, onde foi realizada a revista e identificados os seguintes itens: duas caixas de balan\u00e7as, dois volumes de roupas, tr\u00eas volumes de \u00f3culos, dois volumes de perfumes e um notebook da marca Apple (MacBook).<\/p>\n\n\n\n<p>A Pol\u00edcia Militar entrou em contato com a Delegacia de PF (Pol\u00edcia Federal) de Ponta Por\u00e3, que orientou para que o ve\u00edculo e os produtos fossem entregues diretamente \u00e0 Receita Federal.<\/p>\n\n\n\n<p><\/p>\n","protected":false},"excerpt":{"rendered":"<p>A\u00e7\u00e3o da PM (Pol\u00edcia Militar) resultou na apreens\u00e3o de mercadorias de origem paraguaia sem documenta\u00e7\u00e3o fiscal no s\u00e1bado (12\/7), na&hellip;<\/p>\n","protected":false},"author":1,"featured_media":6660,"comment_status":"open","ping_status":"open","sticky":false,"template":"","format":"standard","meta":{"footnotes":""},"categories":[1],"tags":[],"class_list":["post-6659","post","type-post","status-publish","format-standard","has-post-thumbnail","hentry","category-uncategorized"],"_links":{"self":[{"href":"https:\/\/suanoticiaaqui.com.br\/news\/wp-json\/wp\/v2\/posts\/6659","targetHints":{"allow":["GET"]}}],"collection":[{"href":"https:\/\/suanoticiaaqui.com.br\/news\/wp-json\/wp\/v2\/posts"}],"about":[{"href":"https:\/\/suanoticiaaqui.com.br\/news\/wp-json\/wp\/v2\/types\/post"}],"author":[{"embeddable":true,"href":"https:\/\/suanoticiaaqui.com.br\/news\/wp-json\/wp\/v2\/users\/1"}],"replies":[{"embeddable":true,"href":"https:\/\/suanoticiaaqui.com.br\/news\/wp-json\/wp\/v2\/comments?post=6659"}],"version-history":[{"count":1,"href":"https:\/\/suanoticiaaqui.com.br\/news\/wp-json\/wp\/v2\/posts\/6659\/revisions"}],"predecessor-version":[{"id":6661,"href":"https:\/\/suanoticiaaqui.com.br\/news\/wp-json\/wp\/v2\/posts\/6659\/revisions\/6661"}],"wp:featuredmedia":[{"embeddable":true,"href":"https:\/\/suanoticiaaqui.com.br\/news\/wp-json\/wp\/v2\/media\/6660"}],"wp:attachment":[{"href":"https:\/\/suanoticiaaqui.com.br\/news\/wp-json\/wp\/v2\/media?parent=6659"}],"wp:term":[{"taxonomy":"category","embeddable":true,"href":"https:\/\/suanoticiaaqui.com.br\/news\/wp-json\/wp\/v2\/categories?post=6659"},{"taxonomy":"post_tag","embeddable":true,"href":"https:\/\/suanoticiaaqui.com.br\/news\/wp-json\/wp\/v2\/tags?post=6659"}],"curies":[{"name":"wp","href":"https:\/\/api.w.org\/{rel}","templated":true}]}}