{"id":6668,"date":"2025-07-15T16:12:16","date_gmt":"2025-07-15T20:12:16","guid":{"rendered":"https:\/\/suanoticiaaqui.com.br\/news\/?p=6668"},"modified":"2025-07-15T16:12:16","modified_gmt":"2025-07-15T20:12:16","slug":"mineiro-procurado-pela-interpol-e-preso-em-pedro-juan-caballero","status":"publish","type":"post","link":"https:\/\/suanoticiaaqui.com.br\/news\/2025\/07\/15\/mineiro-procurado-pela-interpol-e-preso-em-pedro-juan-caballero\/","title":{"rendered":"Mineiro procurado pela Interpol \u00e9 preso em Pedro Juan Caballero"},"content":{"rendered":"\n<ul class=\"wp-block-list\">\n<li>por Luiz Guilherme<\/li>\n<\/ul>\n\n\n\n<p>O brasileiro Walison Geraldo Freitas Madureira, de 29 anos, natural de Belo Horizonte (MG), foi preso pela Pol\u00edcia Nacional do Paraguai, na noite deste domingo (13\/7), ao ser abordado em uma blitz no cruzamento das ruas Dr. Fran\u00e7a e Gneral Diaz, em Pedro Juan Caballero.<\/p>\n\n\n\n<p>Segundo a pol\u00edcia, contra o brasileiro, havia mandado de pris\u00e3o internacional por roubos, homic\u00eddios e tr\u00e1fico de drogas, emitida em 2021 pela Justi\u00e7a mineira.<\/p>\n\n\n\n<p>Investigadores confirmaram que ele responde por uma extensa ficha criminal: amea\u00e7a, desacato ao tribunal, furto, homic\u00eddio qualificado e simples, les\u00e3o corporal, abuso, tr\u00e1fico de drogas e roubo. A investiga\u00e7\u00e3o envolveu a promotora Reinalda Palacios, o Departamento de Investiga\u00e7\u00f5es do MS e a Interpol.<\/p>\n\n\n\n<p>O ve\u00edculo que Madureira conduzia, um Volkswagen Gol branco (1997) com placas de Campo Grande, foi apreendido. Ele permanece sob cust\u00f3dia das autoridades paraguaias e brasileiras, enquanto se avalia sua poss\u00edvel extradi\u00e7\u00e3o ou repatria\u00e7\u00e3o ainda nesta segunda-feira (14).<\/p>\n","protected":false},"excerpt":{"rendered":"<p>O brasileiro Walison Geraldo Freitas Madureira, de 29 anos, natural de Belo Horizonte (MG), foi preso pela Pol\u00edcia Nacional do&hellip;<\/p>\n","protected":false},"author":1,"featured_media":6669,"comment_status":"open","ping_status":"open","sticky":false,"template":"","format":"standard","meta":{"footnotes":""},"categories":[1],"tags":[],"class_list":["post-6668","post","type-post","status-publish","format-standard","has-post-thumbnail","hentry","category-uncategorized"],"_links":{"self":[{"href":"https:\/\/suanoticiaaqui.com.br\/news\/wp-json\/wp\/v2\/posts\/6668","targetHints":{"allow":["GET"]}}],"collection":[{"href":"https:\/\/suanoticiaaqui.com.br\/news\/wp-json\/wp\/v2\/posts"}],"about":[{"href":"https:\/\/suanoticiaaqui.com.br\/news\/wp-json\/wp\/v2\/types\/post"}],"author":[{"embeddable":true,"href":"https:\/\/suanoticiaaqui.com.br\/news\/wp-json\/wp\/v2\/users\/1"}],"replies":[{"embeddable":true,"href":"https:\/\/suanoticiaaqui.com.br\/news\/wp-json\/wp\/v2\/comments?post=6668"}],"version-history":[{"count":1,"href":"https:\/\/suanoticiaaqui.com.br\/news\/wp-json\/wp\/v2\/posts\/6668\/revisions"}],"predecessor-version":[{"id":6670,"href":"https:\/\/suanoticiaaqui.com.br\/news\/wp-json\/wp\/v2\/posts\/6668\/revisions\/6670"}],"wp:featuredmedia":[{"embeddable":true,"href":"https:\/\/suanoticiaaqui.com.br\/news\/wp-json\/wp\/v2\/media\/6669"}],"wp:attachment":[{"href":"https:\/\/suanoticiaaqui.com.br\/news\/wp-json\/wp\/v2\/media?parent=6668"}],"wp:term":[{"taxonomy":"category","embeddable":true,"href":"https:\/\/suanoticiaaqui.com.br\/news\/wp-json\/wp\/v2\/categories?post=6668"},{"taxonomy":"post_tag","embeddable":true,"href":"https:\/\/suanoticiaaqui.com.br\/news\/wp-json\/wp\/v2\/tags?post=6668"}],"curies":[{"name":"wp","href":"https:\/\/api.w.org\/{rel}","templated":true}]}}