{"id":6677,"date":"2025-07-15T16:15:03","date_gmt":"2025-07-15T20:15:03","guid":{"rendered":"https:\/\/suanoticiaaqui.com.br\/news\/?p=6677"},"modified":"2025-07-15T16:15:03","modified_gmt":"2025-07-15T20:15:03","slug":"grupo-chegou-fortemente-armado-e-realizou-ataque-na-fronteira","status":"publish","type":"post","link":"https:\/\/suanoticiaaqui.com.br\/news\/2025\/07\/15\/grupo-chegou-fortemente-armado-e-realizou-ataque-na-fronteira\/","title":{"rendered":"Grupo chegou fortemente armado e realizou ataque na fronteira"},"content":{"rendered":"\n<p>Por\u00a0<strong>Adriano Moretto<\/strong><\/p>\n\n\n\n<p>Ataque registrado na manh\u00e3 desta ter\u00e7a-feira (15\/7) na cidade paraguaia de Capitan Bado, na fronteira com o Brasil atrav\u00e9s de Coronel Sapucaia, teria sido realizado por grupo composto por diversas pessoas que chegou fortemente armado e passou a atirar.&nbsp;<\/p>\n\n\n\n<p>Informa\u00e7\u00f5es preliminares apontam que duas pessoas morreram no atentado. Um ve\u00edculo foi incendiado.&nbsp;<\/p>\n\n\n\n<p>Segundo testemunhas relataram \u00e0s autoridades locais, h\u00e1 feridos tamb\u00e9m.&nbsp;<\/p>\n\n\n\n<p>A Pol\u00edcia do Paraguai est\u00e1 na regi\u00e3o e inicia as investiga\u00e7\u00f5es.&nbsp;<\/p>\n\n\n\n<p>Ainda n\u00e3o h\u00e1 informa\u00e7\u00f5es sobre autoria e motivos dos crimes, por\u00e9m, a hip\u00f3tese trabalhada \u00e9 que o fato possa estar relacionado ao tr\u00e1fico de drogas na regi\u00e3o.&nbsp;<\/p>\n","protected":false},"excerpt":{"rendered":"<p>Por\u00a0Adriano Moretto Ataque registrado na manh\u00e3 desta ter\u00e7a-feira (15\/7) na cidade paraguaia de Capitan Bado, na fronteira com o Brasil&hellip;<\/p>\n","protected":false},"author":1,"featured_media":6678,"comment_status":"open","ping_status":"open","sticky":false,"template":"","format":"standard","meta":{"footnotes":""},"categories":[1],"tags":[],"class_list":["post-6677","post","type-post","status-publish","format-standard","has-post-thumbnail","hentry","category-uncategorized"],"_links":{"self":[{"href":"https:\/\/suanoticiaaqui.com.br\/news\/wp-json\/wp\/v2\/posts\/6677","targetHints":{"allow":["GET"]}}],"collection":[{"href":"https:\/\/suanoticiaaqui.com.br\/news\/wp-json\/wp\/v2\/posts"}],"about":[{"href":"https:\/\/suanoticiaaqui.com.br\/news\/wp-json\/wp\/v2\/types\/post"}],"author":[{"embeddable":true,"href":"https:\/\/suanoticiaaqui.com.br\/news\/wp-json\/wp\/v2\/users\/1"}],"replies":[{"embeddable":true,"href":"https:\/\/suanoticiaaqui.com.br\/news\/wp-json\/wp\/v2\/comments?post=6677"}],"version-history":[{"count":1,"href":"https:\/\/suanoticiaaqui.com.br\/news\/wp-json\/wp\/v2\/posts\/6677\/revisions"}],"predecessor-version":[{"id":6679,"href":"https:\/\/suanoticiaaqui.com.br\/news\/wp-json\/wp\/v2\/posts\/6677\/revisions\/6679"}],"wp:featuredmedia":[{"embeddable":true,"href":"https:\/\/suanoticiaaqui.com.br\/news\/wp-json\/wp\/v2\/media\/6678"}],"wp:attachment":[{"href":"https:\/\/suanoticiaaqui.com.br\/news\/wp-json\/wp\/v2\/media?parent=6677"}],"wp:term":[{"taxonomy":"category","embeddable":true,"href":"https:\/\/suanoticiaaqui.com.br\/news\/wp-json\/wp\/v2\/categories?post=6677"},{"taxonomy":"post_tag","embeddable":true,"href":"https:\/\/suanoticiaaqui.com.br\/news\/wp-json\/wp\/v2\/tags?post=6677"}],"curies":[{"name":"wp","href":"https:\/\/api.w.org\/{rel}","templated":true}]}}