{"id":6683,"date":"2025-07-15T16:16:43","date_gmt":"2025-07-15T20:16:43","guid":{"rendered":"https:\/\/suanoticiaaqui.com.br\/news\/?p=6683"},"modified":"2025-07-15T16:16:43","modified_gmt":"2025-07-15T20:16:43","slug":"ataque-na-regiao-de-fronteira-deixou-dois-mortos-e-veiculos-incendiados","status":"publish","type":"post","link":"https:\/\/suanoticiaaqui.com.br\/news\/2025\/07\/15\/ataque-na-regiao-de-fronteira-deixou-dois-mortos-e-veiculos-incendiados\/","title":{"rendered":"Ataque na regi\u00e3o de fronteira deixou dois mortos e ve\u00edculos incendiados"},"content":{"rendered":"\n<p>por Dourados News<\/p>\n\n\n\n<p>Um crime brutal ocorrido na manh\u00e3 desta ter\u00e7a-feira (15) chocou moradores de Capit\u00e1n Bado, cidade paraguaia na fronteira com Coronel Sapucaia. O caso foi registrado por volta das 11h30, no bairro San Roque, na rua Palma, pr\u00f3ximo \u00e0 esquina com a General D\u00edaz, e deixou duas pessoas mortas, al\u00e9m de dois ve\u00edculos incendiados.<\/p>\n\n\n\n<p>De acordo com informa\u00e7\u00f5es da Dire\u00e7\u00e3o de Investiga\u00e7\u00e3o de Fatos Pun\u00edveis do Departamento de Investiga\u00e7\u00f5es de Amambay (Regional n\u00ba 1 \u2013 Capit\u00e1n Bado\/Karapa\u2019i).<\/p>\n\n\n\n<p>As v\u00edtimas foram encontradas j\u00e1 sem vida em via p\u00fablica, ao lado de um autom\u00f3vel Volkswagen Polo Track, completamente destru\u00eddo pelas chamas. Uma caminhonete Mercedes-Benz, com placa brasileira NJDF2J07, tamb\u00e9m foi incendiada e parcialmente consumida pelo fogo.<\/p>\n\n\n\n<p>Uma das v\u00edtimas foi identificada como Alxi Javier Escurra Rodriguez, cidad\u00e3o paraguaio e maior de idade. O segundo homem, que tamb\u00e9m morreu no local, ainda n\u00e3o teve a identidade confirmada.<\/p>\n\n\n\n<p>As autoridades foram acionadas ap\u00f3s uma liga\u00e7\u00e3o relatando confronto entre criminosos na regi\u00e3o. Equipes policiais e o Corpo de Bombeiros Volunt\u00e1rios foram enviados ao local, onde contiveram o inc\u00eandio e iniciaram os primeiros procedimentos investigativos.<\/p>\n\n\n\n<p>O caso est\u00e1 sendo acompanhado pelo Minist\u00e9rio P\u00fablico do Paraguai.&nbsp;As investiga\u00e7\u00f5es seguem em curso para esclarecer as circunst\u00e2ncias do crime, identificar todos os envolvidos e apurar a motiva\u00e7\u00e3o do duplo homic\u00eddio.<\/p>\n","protected":false},"excerpt":{"rendered":"<p>por Dourados News Um crime brutal ocorrido na manh\u00e3 desta ter\u00e7a-feira (15) chocou moradores de Capit\u00e1n Bado, cidade paraguaia na&hellip;<\/p>\n","protected":false},"author":1,"featured_media":6684,"comment_status":"open","ping_status":"open","sticky":false,"template":"","format":"standard","meta":{"footnotes":""},"categories":[1],"tags":[],"class_list":["post-6683","post","type-post","status-publish","format-standard","has-post-thumbnail","hentry","category-uncategorized"],"_links":{"self":[{"href":"https:\/\/suanoticiaaqui.com.br\/news\/wp-json\/wp\/v2\/posts\/6683","targetHints":{"allow":["GET"]}}],"collection":[{"href":"https:\/\/suanoticiaaqui.com.br\/news\/wp-json\/wp\/v2\/posts"}],"about":[{"href":"https:\/\/suanoticiaaqui.com.br\/news\/wp-json\/wp\/v2\/types\/post"}],"author":[{"embeddable":true,"href":"https:\/\/suanoticiaaqui.com.br\/news\/wp-json\/wp\/v2\/users\/1"}],"replies":[{"embeddable":true,"href":"https:\/\/suanoticiaaqui.com.br\/news\/wp-json\/wp\/v2\/comments?post=6683"}],"version-history":[{"count":1,"href":"https:\/\/suanoticiaaqui.com.br\/news\/wp-json\/wp\/v2\/posts\/6683\/revisions"}],"predecessor-version":[{"id":6685,"href":"https:\/\/suanoticiaaqui.com.br\/news\/wp-json\/wp\/v2\/posts\/6683\/revisions\/6685"}],"wp:featuredmedia":[{"embeddable":true,"href":"https:\/\/suanoticiaaqui.com.br\/news\/wp-json\/wp\/v2\/media\/6684"}],"wp:attachment":[{"href":"https:\/\/suanoticiaaqui.com.br\/news\/wp-json\/wp\/v2\/media?parent=6683"}],"wp:term":[{"taxonomy":"category","embeddable":true,"href":"https:\/\/suanoticiaaqui.com.br\/news\/wp-json\/wp\/v2\/categories?post=6683"},{"taxonomy":"post_tag","embeddable":true,"href":"https:\/\/suanoticiaaqui.com.br\/news\/wp-json\/wp\/v2\/tags?post=6683"}],"curies":[{"name":"wp","href":"https:\/\/api.w.org\/{rel}","templated":true}]}}