{"id":6689,"date":"2025-07-15T16:24:28","date_gmt":"2025-07-15T20:24:28","guid":{"rendered":"https:\/\/suanoticiaaqui.com.br\/news\/?p=6689"},"modified":"2025-07-15T16:24:28","modified_gmt":"2025-07-15T20:24:28","slug":"tcu-propoe-plano-de-carreira-com-impacto-bilionario-ate-2029","status":"publish","type":"post","link":"https:\/\/suanoticiaaqui.com.br\/news\/2025\/07\/15\/tcu-propoe-plano-de-carreira-com-impacto-bilionario-ate-2029\/","title":{"rendered":"TCU prop\u00f5e plano de carreira com impacto bilion\u00e1rio at\u00e9 2029"},"content":{"rendered":"\n<p>Projeto prev\u00ea gratifica\u00e7\u00e3o que dobra sal\u00e1rios e benef\u00edcio isento de IR para chefias<\/p>\n\n\n\n<ul class=\"wp-block-list\">\n<li><a href=\"https:\/\/bradockshow.com.br\/author\/marcotoledo\/\"><\/a>por <a href=\"https:\/\/bradockshow.com.br\/author\/marcotoledo\/\">Marco Toledo<\/a><\/li>\n<\/ul>\n\n\n\n<p>O Tribunal de Contas da Uni\u00e3o encaminhou \u00e0 C\u00e2mara dos Deputados o PL 2.829\/2025, que cria um novo plano de carreira para seus servidores, com impacto estimado de R$ 1,6 bilh\u00e3o at\u00e9 2029.<\/p>\n\n\n\n<p>A proposta inclui uma gratifica\u00e7\u00e3o por desempenho que pode dobrar os sal\u00e1rios e um benef\u00edcio adicional para cargos de chefia, a IREDG, isento de Imposto de Renda e contribui\u00e7\u00e3o previdenci\u00e1ria.<\/p>\n\n\n\n<p>Os custos come\u00e7am a ser sentidos em 2026, com acr\u00e9scimos mensais de R$ 33,9 milh\u00f5es. A despesa ser\u00e1 absorvida pelo pr\u00f3prio or\u00e7amento do TCU, segundo a Corte.<\/p>\n\n\n\n<p>O projeto est\u00e1 na mesa diretora da C\u00e2mara e aguarda despacho do presidente da Casa, Hugo Motta.<\/p>\n\n\n\n<p>A medida contrasta com o discurso recente do ministro Bruno Dantas, que defendeu o fim dos chamados \u201cpenduricalhos\u201d no servi\u00e7o p\u00fablico. Ele classificou os supersal\u00e1rios como insustent\u00e1veis em meio \u00e0 crise fiscal e cobrou uma a\u00e7\u00e3o do Congresso para moralizar as remunera\u00e7\u00f5es no setor.<\/p>\n","protected":false},"excerpt":{"rendered":"<p>Projeto prev\u00ea gratifica\u00e7\u00e3o que dobra sal\u00e1rios e benef\u00edcio isento de IR para chefias O Tribunal de Contas da Uni\u00e3o encaminhou&hellip;<\/p>\n","protected":false},"author":1,"featured_media":6690,"comment_status":"open","ping_status":"open","sticky":false,"template":"","format":"standard","meta":{"footnotes":""},"categories":[1],"tags":[],"class_list":["post-6689","post","type-post","status-publish","format-standard","has-post-thumbnail","hentry","category-uncategorized"],"_links":{"self":[{"href":"https:\/\/suanoticiaaqui.com.br\/news\/wp-json\/wp\/v2\/posts\/6689","targetHints":{"allow":["GET"]}}],"collection":[{"href":"https:\/\/suanoticiaaqui.com.br\/news\/wp-json\/wp\/v2\/posts"}],"about":[{"href":"https:\/\/suanoticiaaqui.com.br\/news\/wp-json\/wp\/v2\/types\/post"}],"author":[{"embeddable":true,"href":"https:\/\/suanoticiaaqui.com.br\/news\/wp-json\/wp\/v2\/users\/1"}],"replies":[{"embeddable":true,"href":"https:\/\/suanoticiaaqui.com.br\/news\/wp-json\/wp\/v2\/comments?post=6689"}],"version-history":[{"count":1,"href":"https:\/\/suanoticiaaqui.com.br\/news\/wp-json\/wp\/v2\/posts\/6689\/revisions"}],"predecessor-version":[{"id":6691,"href":"https:\/\/suanoticiaaqui.com.br\/news\/wp-json\/wp\/v2\/posts\/6689\/revisions\/6691"}],"wp:featuredmedia":[{"embeddable":true,"href":"https:\/\/suanoticiaaqui.com.br\/news\/wp-json\/wp\/v2\/media\/6690"}],"wp:attachment":[{"href":"https:\/\/suanoticiaaqui.com.br\/news\/wp-json\/wp\/v2\/media?parent=6689"}],"wp:term":[{"taxonomy":"category","embeddable":true,"href":"https:\/\/suanoticiaaqui.com.br\/news\/wp-json\/wp\/v2\/categories?post=6689"},{"taxonomy":"post_tag","embeddable":true,"href":"https:\/\/suanoticiaaqui.com.br\/news\/wp-json\/wp\/v2\/tags?post=6689"}],"curies":[{"name":"wp","href":"https:\/\/api.w.org\/{rel}","templated":true}]}}