{"id":6692,"date":"2025-07-15T16:25:39","date_gmt":"2025-07-15T20:25:39","guid":{"rendered":"https:\/\/suanoticiaaqui.com.br\/news\/?p=6692"},"modified":"2025-07-15T16:25:39","modified_gmt":"2025-07-15T20:25:39","slug":"pgr-apresenta-denuncia-contra-bolsonaro-por-suposto-plano-de-poder","status":"publish","type":"post","link":"https:\/\/suanoticiaaqui.com.br\/news\/2025\/07\/15\/pgr-apresenta-denuncia-contra-bolsonaro-por-suposto-plano-de-poder\/","title":{"rendered":"PGR apresenta den\u00fancia contra Bolsonaro por suposto plano de poder"},"content":{"rendered":"\n<p>Documento de 517 p\u00e1ginas aponta articula\u00e7\u00f5es pol\u00edticas e militares ap\u00f3s elei\u00e7\u00f5es de 2022<\/p>\n\n\n\n<ul class=\"wp-block-list\">\n<li><a href=\"https:\/\/bradockshow.com.br\/author\/marcotoledo\/\"><\/a>por <a href=\"https:\/\/bradockshow.com.br\/author\/marcotoledo\/\">Marco Toledo<\/a><\/li>\n<\/ul>\n\n\n\n<p>A Procuradoria-Geral da Rep\u00fablica enviou ao STF, nesta segunda-feira (14), uma manifesta\u00e7\u00e3o pedindo a condena\u00e7\u00e3o do ex-presidente Jair Bolsonaro e de aliados por suposta tentativa de impedir a altern\u00e2ncia de poder ap\u00f3s as elei\u00e7\u00f5es de 2022.<\/p>\n\n\n\n<p>O documento, assinado por Paulo Gonet, descreve um cen\u00e1rio de articula\u00e7\u00f5es entre civis e militares em torno do que chama de \u201cprojeto de poder\u201d.<\/p>\n\n\n\n<p>Entre os citados est\u00e3o ex-ministros e ex-comandantes das For\u00e7as Armadas. A PGR imputa crimes como tentativa de golpe, organiza\u00e7\u00e3o criminosa e dano ao patrim\u00f4nio p\u00fablico.<\/p>\n\n\n\n<p>Mesmo Mauro Cid, que firmou acordo de colabora\u00e7\u00e3o, teve sua condena\u00e7\u00e3o pedida, sob argumento de que participou ativamente de encontros com militares.<\/p>\n\n\n\n<p>A defesa do ex-presidente nega qualquer ato il\u00edcito e afirma que Bolsonaro sempre atuou dentro dos limites constitucionais. As alega\u00e7\u00f5es ser\u00e3o analisadas pela Primeira Turma do Supremo, que dever\u00e1 decidir se acolhe ou rejeita a den\u00fancia.<\/p>\n","protected":false},"excerpt":{"rendered":"<p>Documento de 517 p\u00e1ginas aponta articula\u00e7\u00f5es pol\u00edticas e militares ap\u00f3s elei\u00e7\u00f5es de 2022 A Procuradoria-Geral da Rep\u00fablica enviou ao STF,&hellip;<\/p>\n","protected":false},"author":1,"featured_media":6693,"comment_status":"open","ping_status":"open","sticky":false,"template":"","format":"standard","meta":{"footnotes":""},"categories":[1],"tags":[],"class_list":["post-6692","post","type-post","status-publish","format-standard","has-post-thumbnail","hentry","category-uncategorized"],"_links":{"self":[{"href":"https:\/\/suanoticiaaqui.com.br\/news\/wp-json\/wp\/v2\/posts\/6692","targetHints":{"allow":["GET"]}}],"collection":[{"href":"https:\/\/suanoticiaaqui.com.br\/news\/wp-json\/wp\/v2\/posts"}],"about":[{"href":"https:\/\/suanoticiaaqui.com.br\/news\/wp-json\/wp\/v2\/types\/post"}],"author":[{"embeddable":true,"href":"https:\/\/suanoticiaaqui.com.br\/news\/wp-json\/wp\/v2\/users\/1"}],"replies":[{"embeddable":true,"href":"https:\/\/suanoticiaaqui.com.br\/news\/wp-json\/wp\/v2\/comments?post=6692"}],"version-history":[{"count":1,"href":"https:\/\/suanoticiaaqui.com.br\/news\/wp-json\/wp\/v2\/posts\/6692\/revisions"}],"predecessor-version":[{"id":6694,"href":"https:\/\/suanoticiaaqui.com.br\/news\/wp-json\/wp\/v2\/posts\/6692\/revisions\/6694"}],"wp:featuredmedia":[{"embeddable":true,"href":"https:\/\/suanoticiaaqui.com.br\/news\/wp-json\/wp\/v2\/media\/6693"}],"wp:attachment":[{"href":"https:\/\/suanoticiaaqui.com.br\/news\/wp-json\/wp\/v2\/media?parent=6692"}],"wp:term":[{"taxonomy":"category","embeddable":true,"href":"https:\/\/suanoticiaaqui.com.br\/news\/wp-json\/wp\/v2\/categories?post=6692"},{"taxonomy":"post_tag","embeddable":true,"href":"https:\/\/suanoticiaaqui.com.br\/news\/wp-json\/wp\/v2\/tags?post=6692"}],"curies":[{"name":"wp","href":"https:\/\/api.w.org\/{rel}","templated":true}]}}