{"id":6699,"date":"2025-07-18T16:46:52","date_gmt":"2025-07-18T20:46:52","guid":{"rendered":"https:\/\/suanoticiaaqui.com.br\/news\/?p=6699"},"modified":"2025-07-18T16:46:52","modified_gmt":"2025-07-18T20:46:52","slug":"trabalhadores-que-morreram-em-capotamento-de-carro-sao-identificados","status":"publish","type":"post","link":"https:\/\/suanoticiaaqui.com.br\/news\/2025\/07\/18\/trabalhadores-que-morreram-em-capotamento-de-carro-sao-identificados\/","title":{"rendered":"Trabalhadores que morreram em capotamento de carro s\u00e3o identificados"},"content":{"rendered":"\n<ul class=\"wp-block-list\">\n<li>por Luiz Guilherme<\/li>\n<\/ul>\n\n\n\n<p>Os dois trabalhadores de uma usina encontrados mortos na tarde desta quinta-feira (17\/7), foram identificados como Reginaldo Teixeira de Ara\u00fajo, de 50 anos, e Natal Pereira de Carvalho Gonzaga, de 55.<\/p>\n\n\n\n<p>Eles eram considerados desaparecidos desde a noite quarta (16\/7), depois que sa\u00edram do turno de trabalho da empresa localizada entre os munic\u00edpios de Rio Brilhante e Deod\u00e1polis, por\u00e9m, n\u00e3o chegaram em casa no hor\u00e1rio de costume.<\/p>\n\n\n\n<p>O ve\u00edculo em que as v\u00edtimas estavam, uma picape Saveiro, saiu da pista e capotou, na altura do quil\u00f4metro seis, pr\u00f3ximo ao per\u00edmetro urbano de Deod\u00e1polis.<\/p>\n\n\n\n<p>Natal e Reginaldo trabalhavam para uma empresa terceirizada da Usina Atvos (Unidade Eldorado), a cerca de 60 quil\u00f4metros de Deod\u00e1polis, mas no munic\u00edpio de Rio Brilhante.<\/p>\n\n\n\n<p>Um morava no per\u00edmetro urbano de Deod\u00e1polis e o outro no distrito de Lagoa Bonita.<\/p>\n\n\n\n<p>Como os dois n\u00e3o chegaram em casa no hor\u00e1rio de costume, familiares entraram em contato com a usina, mas a equipe de monitoramento n\u00e3o conseguiu rastrear a localiza\u00e7\u00e3o da picape.<\/p>\n\n\n\n<p>De acordo com o delegado Bruno Carlos, a PC (Pol\u00edcia Civil) foi avisada e iniciou buscas na regi\u00e3o. Perto da \u00e1rea do dep\u00f3sito de lixo da cidade, a picape foi encontrada em meio \u00e0 vegeta\u00e7\u00e3o.<\/p>\n\n\n\n<p>\u201cA Pol\u00edcia Civil foi acionada na madrugada de hoje sobre o desaparecimento do ve\u00edculo e das duas pessoas. Imediatamente iniciamos os trabalhos investigativos. Com ajuda de um funcion\u00e1rio da usina, conseguimos localizar o ve\u00edculo. Na ribanceira, por motivos que vamos apurar, o condutor perdeu o controle e os dois vieram a \u00f3bito\u201d, disse o delegado.<\/p>\n","protected":false},"excerpt":{"rendered":"<p>Os dois trabalhadores de uma usina encontrados mortos na tarde desta quinta-feira (17\/7), foram identificados como Reginaldo Teixeira de Ara\u00fajo,&hellip;<\/p>\n","protected":false},"author":1,"featured_media":6700,"comment_status":"open","ping_status":"open","sticky":false,"template":"","format":"standard","meta":{"footnotes":""},"categories":[1],"tags":[],"class_list":["post-6699","post","type-post","status-publish","format-standard","has-post-thumbnail","hentry","category-uncategorized"],"_links":{"self":[{"href":"https:\/\/suanoticiaaqui.com.br\/news\/wp-json\/wp\/v2\/posts\/6699","targetHints":{"allow":["GET"]}}],"collection":[{"href":"https:\/\/suanoticiaaqui.com.br\/news\/wp-json\/wp\/v2\/posts"}],"about":[{"href":"https:\/\/suanoticiaaqui.com.br\/news\/wp-json\/wp\/v2\/types\/post"}],"author":[{"embeddable":true,"href":"https:\/\/suanoticiaaqui.com.br\/news\/wp-json\/wp\/v2\/users\/1"}],"replies":[{"embeddable":true,"href":"https:\/\/suanoticiaaqui.com.br\/news\/wp-json\/wp\/v2\/comments?post=6699"}],"version-history":[{"count":1,"href":"https:\/\/suanoticiaaqui.com.br\/news\/wp-json\/wp\/v2\/posts\/6699\/revisions"}],"predecessor-version":[{"id":6701,"href":"https:\/\/suanoticiaaqui.com.br\/news\/wp-json\/wp\/v2\/posts\/6699\/revisions\/6701"}],"wp:featuredmedia":[{"embeddable":true,"href":"https:\/\/suanoticiaaqui.com.br\/news\/wp-json\/wp\/v2\/media\/6700"}],"wp:attachment":[{"href":"https:\/\/suanoticiaaqui.com.br\/news\/wp-json\/wp\/v2\/media?parent=6699"}],"wp:term":[{"taxonomy":"category","embeddable":true,"href":"https:\/\/suanoticiaaqui.com.br\/news\/wp-json\/wp\/v2\/categories?post=6699"},{"taxonomy":"post_tag","embeddable":true,"href":"https:\/\/suanoticiaaqui.com.br\/news\/wp-json\/wp\/v2\/tags?post=6699"}],"curies":[{"name":"wp","href":"https:\/\/api.w.org\/{rel}","templated":true}]}}