{"id":6705,"date":"2025-07-18T16:48:44","date_gmt":"2025-07-18T20:48:44","guid":{"rendered":"https:\/\/suanoticiaaqui.com.br\/news\/?p=6705"},"modified":"2025-07-18T16:48:44","modified_gmt":"2025-07-18T20:48:44","slug":"barroso-nega-perseguicao-politica-mas-reacao-dos-eua-expoe-preocupacoes","status":"publish","type":"post","link":"https:\/\/suanoticiaaqui.com.br\/news\/2025\/07\/18\/barroso-nega-perseguicao-politica-mas-reacao-dos-eua-expoe-preocupacoes\/","title":{"rendered":"Barroso nega persegui\u00e7\u00e3o pol\u00edtica, mas rea\u00e7\u00e3o dos EUA exp\u00f5e preocupa\u00e7\u00f5es"},"content":{"rendered":"\n<p>Ministro do STF responde carta de Trump, que apontou viola\u00e7\u00f5es de direitos e puni\u00e7\u00f5es seletivas no Brasil<\/p>\n\n\n\n<ul class=\"wp-block-list\">\n<li><a href=\"https:\/\/bradockshow.com.br\/author\/marcotoledo\/\"><\/a>por <a href=\"https:\/\/bradockshow.com.br\/author\/marcotoledo\/\">Marco Toledo<\/a><\/li>\n<\/ul>\n\n\n\n<p>O presidente do STF, Lu\u00eds Roberto Barroso, afirmou em carta que &#8220;n\u00e3o h\u00e1 persegui\u00e7\u00e3o a ningu\u00e9m no Brasil&#8221;, reagindo \u00e0 decis\u00e3o de Donald Trump de aplicar tarifas de 50% sobre produtos brasileiros.<\/p>\n\n\n\n<p>Para o l\u00edder americano, h\u00e1 ind\u00edcios de viola\u00e7\u00f5es do devido processo legal, especialmente contra o ex-presidente Jair Bolsonaro e seus apoiadores, o que motivou a medida comercial como sinal de alerta.<\/p>\n\n\n\n<p>Barroso declarou que a justi\u00e7a brasileira atua com base em evid\u00eancias e que o STF seguir\u00e1 julgando os casos relacionados a supostos atos golpistas dentro da legalidade. Segundo ele, houve uma \u201ccompreens\u00e3o imprecisa dos fatos\u201d por parte de Trump, negando qualquer motiva\u00e7\u00e3o pol\u00edtica por tr\u00e1s das decis\u00f5es da Corte.<\/p>\n\n\n\n<p>A rea\u00e7\u00e3o dos EUA, no entanto, reflete uma crescente percep\u00e7\u00e3o internacional de que h\u00e1 desequil\u00edbrios no cen\u00e1rio institucional brasileiro.<\/p>\n\n\n\n<p>A preocupa\u00e7\u00e3o com medidas judiciais seletivas e o impacto sobre cidad\u00e3os e empresas refor\u00e7a o debate sobre a necessidade de mais equil\u00edbrio, imparcialidade e transpar\u00eancia nas decis\u00f5es do Judici\u00e1rio.<\/p>\n","protected":false},"excerpt":{"rendered":"<p>Ministro do STF responde carta de Trump, que apontou viola\u00e7\u00f5es de direitos e puni\u00e7\u00f5es seletivas no Brasil O presidente do&hellip;<\/p>\n","protected":false},"author":1,"featured_media":6706,"comment_status":"open","ping_status":"open","sticky":false,"template":"","format":"standard","meta":{"footnotes":""},"categories":[1],"tags":[],"class_list":["post-6705","post","type-post","status-publish","format-standard","has-post-thumbnail","hentry","category-uncategorized"],"_links":{"self":[{"href":"https:\/\/suanoticiaaqui.com.br\/news\/wp-json\/wp\/v2\/posts\/6705","targetHints":{"allow":["GET"]}}],"collection":[{"href":"https:\/\/suanoticiaaqui.com.br\/news\/wp-json\/wp\/v2\/posts"}],"about":[{"href":"https:\/\/suanoticiaaqui.com.br\/news\/wp-json\/wp\/v2\/types\/post"}],"author":[{"embeddable":true,"href":"https:\/\/suanoticiaaqui.com.br\/news\/wp-json\/wp\/v2\/users\/1"}],"replies":[{"embeddable":true,"href":"https:\/\/suanoticiaaqui.com.br\/news\/wp-json\/wp\/v2\/comments?post=6705"}],"version-history":[{"count":1,"href":"https:\/\/suanoticiaaqui.com.br\/news\/wp-json\/wp\/v2\/posts\/6705\/revisions"}],"predecessor-version":[{"id":6707,"href":"https:\/\/suanoticiaaqui.com.br\/news\/wp-json\/wp\/v2\/posts\/6705\/revisions\/6707"}],"wp:featuredmedia":[{"embeddable":true,"href":"https:\/\/suanoticiaaqui.com.br\/news\/wp-json\/wp\/v2\/media\/6706"}],"wp:attachment":[{"href":"https:\/\/suanoticiaaqui.com.br\/news\/wp-json\/wp\/v2\/media?parent=6705"}],"wp:term":[{"taxonomy":"category","embeddable":true,"href":"https:\/\/suanoticiaaqui.com.br\/news\/wp-json\/wp\/v2\/categories?post=6705"},{"taxonomy":"post_tag","embeddable":true,"href":"https:\/\/suanoticiaaqui.com.br\/news\/wp-json\/wp\/v2\/tags?post=6705"}],"curies":[{"name":"wp","href":"https:\/\/api.w.org\/{rel}","templated":true}]}}