{"id":6708,"date":"2025-07-18T16:49:53","date_gmt":"2025-07-18T20:49:53","guid":{"rendered":"https:\/\/suanoticiaaqui.com.br\/news\/?p=6708"},"modified":"2025-07-18T16:49:53","modified_gmt":"2025-07-18T20:49:53","slug":"mulher-e-atacada-por-cao-de-grande-porte-enquanto-caminhava-na-fronteira","status":"publish","type":"post","link":"https:\/\/suanoticiaaqui.com.br\/news\/2025\/07\/18\/mulher-e-atacada-por-cao-de-grande-porte-enquanto-caminhava-na-fronteira\/","title":{"rendered":"Mulher \u00e9 atacada por c\u00e3o de grande porte enquanto caminhava na fronteira"},"content":{"rendered":"\n<ul class=\"wp-block-list\">\n<li>por Ligado na Noticia<\/li>\n<\/ul>\n\n\n\n<p>Na manh\u00e3 desta sexta-feira (18\/7), uma mulher foi atacada por c\u00e3o de grande porte enquanto caminhava pela cal\u00e7ada da Rua Uruguaiana, no Bairro Jardim dos Estados, em Ponta Por\u00e3. A ocorr\u00eancia foi registrada por volta das 10h40 pela PM (Pol\u00edcia Militar).<\/p>\n\n\n\n<p>De acordo com o boletim, a mulher relatou que havia sa\u00eddo de casa para ir a uma feira comprar leite, quando foi surpreendida pelo animal, que a derrubou e mordeu sua perna direita por duas vezes. Ap\u00f3s o ataque, o dono do c\u00e3o teria apenas recolhido o animal para o quintal e fechado o port\u00e3o, sem prestar qualquer tipo de aux\u00edlio \u00e0 v\u00edtima.<\/p>\n\n\n\n<p>A mulher procurou atendimento no posto de sa\u00fade 24 horas, onde foi atendida por uma enfermeira que acionou a equipe policial. Os policiais ent\u00e3o acompanharam a v\u00edtima at\u00e9 o endere\u00e7o onde ocorreu o fato, onde foi localizado o respons\u00e1vel pelo animal.<\/p>\n\n\n\n<p>Ao ser questionado, o morador confirmou ser o dono do cachorro, mas afirmou n\u00e3o ter presenciado o momento exato do ataque. Segundo ele, ao ouvir o barulho na rua, foi at\u00e9 o port\u00e3o e viu a v\u00edtima j\u00e1 de p\u00e9, sem ter certeza de que havia sido atacada.<\/p>\n\n\n\n<p>Diante da situa\u00e7\u00e3o e do desejo da v\u00edtima em representar contra o respons\u00e1vel pelo animal, ambos foram conduzidos \u00e0 1\u00aa Delegacia de PC (Pol\u00edcia Civil) para registro e apura\u00e7\u00e3o dos fatos. O caso foi registrado como les\u00e3o corporal culposa e omiss\u00e3o de cautela na guarda de animal.<\/p>\n","protected":false},"excerpt":{"rendered":"<p>Na manh\u00e3 desta sexta-feira (18\/7), uma mulher foi atacada por c\u00e3o de grande porte enquanto caminhava pela cal\u00e7ada da Rua&hellip;<\/p>\n","protected":false},"author":1,"featured_media":6709,"comment_status":"open","ping_status":"open","sticky":false,"template":"","format":"standard","meta":{"footnotes":""},"categories":[1],"tags":[],"class_list":["post-6708","post","type-post","status-publish","format-standard","has-post-thumbnail","hentry","category-uncategorized"],"_links":{"self":[{"href":"https:\/\/suanoticiaaqui.com.br\/news\/wp-json\/wp\/v2\/posts\/6708","targetHints":{"allow":["GET"]}}],"collection":[{"href":"https:\/\/suanoticiaaqui.com.br\/news\/wp-json\/wp\/v2\/posts"}],"about":[{"href":"https:\/\/suanoticiaaqui.com.br\/news\/wp-json\/wp\/v2\/types\/post"}],"author":[{"embeddable":true,"href":"https:\/\/suanoticiaaqui.com.br\/news\/wp-json\/wp\/v2\/users\/1"}],"replies":[{"embeddable":true,"href":"https:\/\/suanoticiaaqui.com.br\/news\/wp-json\/wp\/v2\/comments?post=6708"}],"version-history":[{"count":1,"href":"https:\/\/suanoticiaaqui.com.br\/news\/wp-json\/wp\/v2\/posts\/6708\/revisions"}],"predecessor-version":[{"id":6710,"href":"https:\/\/suanoticiaaqui.com.br\/news\/wp-json\/wp\/v2\/posts\/6708\/revisions\/6710"}],"wp:featuredmedia":[{"embeddable":true,"href":"https:\/\/suanoticiaaqui.com.br\/news\/wp-json\/wp\/v2\/media\/6709"}],"wp:attachment":[{"href":"https:\/\/suanoticiaaqui.com.br\/news\/wp-json\/wp\/v2\/media?parent=6708"}],"wp:term":[{"taxonomy":"category","embeddable":true,"href":"https:\/\/suanoticiaaqui.com.br\/news\/wp-json\/wp\/v2\/categories?post=6708"},{"taxonomy":"post_tag","embeddable":true,"href":"https:\/\/suanoticiaaqui.com.br\/news\/wp-json\/wp\/v2\/tags?post=6708"}],"curies":[{"name":"wp","href":"https:\/\/api.w.org\/{rel}","templated":true}]}}