{"id":6711,"date":"2025-07-18T16:50:57","date_gmt":"2025-07-18T20:50:57","guid":{"rendered":"https:\/\/suanoticiaaqui.com.br\/news\/?p=6711"},"modified":"2025-07-18T16:50:57","modified_gmt":"2025-07-18T20:50:57","slug":"bolsonaro-alvo-de-medidas-duras-moraes-determina-uso-de-tornozeleira","status":"publish","type":"post","link":"https:\/\/suanoticiaaqui.com.br\/news\/2025\/07\/18\/bolsonaro-alvo-de-medidas-duras-moraes-determina-uso-de-tornozeleira\/","title":{"rendered":"Bolsonaro alvo de medidas duras; Moraes determina uso de tornozeleira"},"content":{"rendered":"\n<p>Decis\u00e3o do ministro inclui restri\u00e7\u00f5es que levantam questionamentos sobre limites institucionais<\/p>\n\n\n\n<ul class=\"wp-block-list\">\n<li><a href=\"https:\/\/bradockshow.com.br\/author\/marcotoledo\/\"><\/a>por <a href=\"https:\/\/bradockshow.com.br\/author\/marcotoledo\/\">Marco Toledo<\/a><\/li>\n<\/ul>\n\n\n\n<p>Jair Bolsonaro, ex-presidente da Rep\u00fablica, foi alvo de nova investida da Pol\u00edcia Federal nesta sexta-feira (18), por ordem do ministro Alexandre de Moraes.<\/p>\n\n\n\n<p>A a\u00e7\u00e3o incluiu buscas na casa de Bolsonaro e no diret\u00f3rio do PL, seu partido, em Bras\u00edlia.<\/p>\n\n\n\n<p>Al\u00e9m das buscas, Moraes imp\u00f4s medidas restritivas severas: Bolsonaro est\u00e1 proibido de acessar redes sociais, manter contato com seu filho Eduardo Bolsonaro e, mais surpreendente, ter\u00e1 que utilizar tornozeleira eletr\u00f4nica. Segundo aliados, o equipamento j\u00e1 foi instalado nesta manh\u00e3.<\/p>\n\n\n\n<p>A decis\u00e3o ocorre no \u00e2mbito do inqu\u00e9rito sobre uma suposta tentativa de golpe, cuja condu\u00e7\u00e3o tem sido criticada por juristas que defendem o devido processo legal.<\/p>\n\n\n\n<p>Para apoiadores de Bolsonaro, trata-se de mais um epis\u00f3dio que revela o desequil\u00edbrio entre os poderes e o avan\u00e7o do Judici\u00e1rio sobre a esfera pol\u00edtica.<\/p>\n","protected":false},"excerpt":{"rendered":"<p>Decis\u00e3o do ministro inclui restri\u00e7\u00f5es que levantam questionamentos sobre limites institucionais Jair Bolsonaro, ex-presidente da Rep\u00fablica, foi alvo de nova&hellip;<\/p>\n","protected":false},"author":1,"featured_media":6712,"comment_status":"open","ping_status":"open","sticky":false,"template":"","format":"standard","meta":{"footnotes":""},"categories":[1],"tags":[],"class_list":["post-6711","post","type-post","status-publish","format-standard","has-post-thumbnail","hentry","category-uncategorized"],"_links":{"self":[{"href":"https:\/\/suanoticiaaqui.com.br\/news\/wp-json\/wp\/v2\/posts\/6711","targetHints":{"allow":["GET"]}}],"collection":[{"href":"https:\/\/suanoticiaaqui.com.br\/news\/wp-json\/wp\/v2\/posts"}],"about":[{"href":"https:\/\/suanoticiaaqui.com.br\/news\/wp-json\/wp\/v2\/types\/post"}],"author":[{"embeddable":true,"href":"https:\/\/suanoticiaaqui.com.br\/news\/wp-json\/wp\/v2\/users\/1"}],"replies":[{"embeddable":true,"href":"https:\/\/suanoticiaaqui.com.br\/news\/wp-json\/wp\/v2\/comments?post=6711"}],"version-history":[{"count":1,"href":"https:\/\/suanoticiaaqui.com.br\/news\/wp-json\/wp\/v2\/posts\/6711\/revisions"}],"predecessor-version":[{"id":6713,"href":"https:\/\/suanoticiaaqui.com.br\/news\/wp-json\/wp\/v2\/posts\/6711\/revisions\/6713"}],"wp:featuredmedia":[{"embeddable":true,"href":"https:\/\/suanoticiaaqui.com.br\/news\/wp-json\/wp\/v2\/media\/6712"}],"wp:attachment":[{"href":"https:\/\/suanoticiaaqui.com.br\/news\/wp-json\/wp\/v2\/media?parent=6711"}],"wp:term":[{"taxonomy":"category","embeddable":true,"href":"https:\/\/suanoticiaaqui.com.br\/news\/wp-json\/wp\/v2\/categories?post=6711"},{"taxonomy":"post_tag","embeddable":true,"href":"https:\/\/suanoticiaaqui.com.br\/news\/wp-json\/wp\/v2\/tags?post=6711"}],"curies":[{"name":"wp","href":"https:\/\/api.w.org\/{rel}","templated":true}]}}