{"id":6717,"date":"2025-07-18T16:53:14","date_gmt":"2025-07-18T20:53:14","guid":{"rendered":"https:\/\/suanoticiaaqui.com.br\/news\/?p=6717"},"modified":"2025-07-18T16:53:14","modified_gmt":"2025-07-18T20:53:14","slug":"casa-branca-acompanha-acao-da-pf-contra-bolsonaro-com-atencao-redobrada","status":"publish","type":"post","link":"https:\/\/suanoticiaaqui.com.br\/news\/2025\/07\/18\/casa-branca-acompanha-acao-da-pf-contra-bolsonaro-com-atencao-redobrada\/","title":{"rendered":"Casa Branca acompanha a\u00e7\u00e3o da PF contra Bolsonaro com aten\u00e7\u00e3o redobrada"},"content":{"rendered":"\n<p>Presidente Trump manifesta apoio e Eduardo articula san\u00e7\u00f5es com base na Lei Magnitsky<\/p>\n\n\n\n<ul class=\"wp-block-list\">\n<li><a href=\"https:\/\/bradockshow.com.br\/author\/marcotoledo\/\"><\/a>por <a href=\"https:\/\/bradockshow.com.br\/author\/marcotoledo\/\">Marco Toledo<\/a><\/li>\n<\/ul>\n\n\n\n<p>A opera\u00e7\u00e3o da Pol\u00edcia Federal contra Jair Bolsonaro nesta sexta-feira (18) foi acompanhada em tempo real pela Casa Branca, segundo aliados de Eduardo Bolsonaro.<\/p>\n\n\n\n<p>A decis\u00e3o do ministro Alexandre de Moraes imp\u00f4s tornozeleira eletr\u00f4nica ao ex-presidente, al\u00e9m de recolhimento domiciliar noturno e nos fins de semana, al\u00e9m de proibir contato com seu filho.<\/p>\n\n\n\n<p>O presidente dos Estados Unidos, Donald Trump, enviou carta a Bolsonaro afirmando que ele \u00e9 alvo de \u201cataques\u201d e que \u201ceste julgamento precisa parar imediatamente\u201d.<\/p>\n\n\n\n<p>O gesto foi interpretado por interlocutores como sinal claro de respaldo institucional. A Casa Branca acompanha o caso com aten\u00e7\u00e3o diplom\u00e1tica.<\/p>\n\n\n\n<p>Segundo o jornal&nbsp;<em>Washington Post<\/em>, Eduardo Bolsonaro articula a inclus\u00e3o de Moraes na Lei Magnitsky, que permite aos EUA sancionar autoridades envolvidas em viola\u00e7\u00f5es de direitos.<\/p>\n\n\n\n<p>Proposta j\u00e1 teria circulado no Departamento do Tesouro americano, segundo fontes pr\u00f3ximas ao governo.<\/p>\n","protected":false},"excerpt":{"rendered":"<p>Presidente Trump manifesta apoio e Eduardo articula san\u00e7\u00f5es com base na Lei Magnitsky A opera\u00e7\u00e3o da Pol\u00edcia Federal contra Jair&hellip;<\/p>\n","protected":false},"author":1,"featured_media":6718,"comment_status":"open","ping_status":"open","sticky":false,"template":"","format":"standard","meta":{"footnotes":""},"categories":[1],"tags":[],"class_list":["post-6717","post","type-post","status-publish","format-standard","has-post-thumbnail","hentry","category-uncategorized"],"_links":{"self":[{"href":"https:\/\/suanoticiaaqui.com.br\/news\/wp-json\/wp\/v2\/posts\/6717","targetHints":{"allow":["GET"]}}],"collection":[{"href":"https:\/\/suanoticiaaqui.com.br\/news\/wp-json\/wp\/v2\/posts"}],"about":[{"href":"https:\/\/suanoticiaaqui.com.br\/news\/wp-json\/wp\/v2\/types\/post"}],"author":[{"embeddable":true,"href":"https:\/\/suanoticiaaqui.com.br\/news\/wp-json\/wp\/v2\/users\/1"}],"replies":[{"embeddable":true,"href":"https:\/\/suanoticiaaqui.com.br\/news\/wp-json\/wp\/v2\/comments?post=6717"}],"version-history":[{"count":1,"href":"https:\/\/suanoticiaaqui.com.br\/news\/wp-json\/wp\/v2\/posts\/6717\/revisions"}],"predecessor-version":[{"id":6719,"href":"https:\/\/suanoticiaaqui.com.br\/news\/wp-json\/wp\/v2\/posts\/6717\/revisions\/6719"}],"wp:featuredmedia":[{"embeddable":true,"href":"https:\/\/suanoticiaaqui.com.br\/news\/wp-json\/wp\/v2\/media\/6718"}],"wp:attachment":[{"href":"https:\/\/suanoticiaaqui.com.br\/news\/wp-json\/wp\/v2\/media?parent=6717"}],"wp:term":[{"taxonomy":"category","embeddable":true,"href":"https:\/\/suanoticiaaqui.com.br\/news\/wp-json\/wp\/v2\/categories?post=6717"},{"taxonomy":"post_tag","embeddable":true,"href":"https:\/\/suanoticiaaqui.com.br\/news\/wp-json\/wp\/v2\/tags?post=6717"}],"curies":[{"name":"wp","href":"https:\/\/api.w.org\/{rel}","templated":true}]}}