{"id":6723,"date":"2025-07-18T16:55:26","date_gmt":"2025-07-18T20:55:26","guid":{"rendered":"https:\/\/suanoticiaaqui.com.br\/news\/?p=6723"},"modified":"2025-07-18T16:55:26","modified_gmt":"2025-07-18T20:55:26","slug":"decisao-do-stf-sobre-iof-retroativo-preocupa-mercado-e-levanta-debate-juridico","status":"publish","type":"post","link":"https:\/\/suanoticiaaqui.com.br\/news\/2025\/07\/18\/decisao-do-stf-sobre-iof-retroativo-preocupa-mercado-e-levanta-debate-juridico\/","title":{"rendered":"Decis\u00e3o do STF sobre IOF retroativo preocupa mercado e levanta debate jur\u00eddico"},"content":{"rendered":"\n<p>Especialistas alertam para inseguran\u00e7a jur\u00eddica e refor\u00e7am que legislar \u00e9 fun\u00e7\u00e3o do Congresso Nacional<\/p>\n\n\n\n<ul class=\"wp-block-list\">\n<li><a href=\"https:\/\/bradockshow.com.br\/author\/marcotoledo\/\"><\/a>por <a href=\"https:\/\/bradockshow.com.br\/author\/marcotoledo\/\">Marco Toledo<\/a><\/li>\n<\/ul>\n\n\n\n<p>A decis\u00e3o do ministro Alexandre de Moraes, do STF, que restabeleceu com efeito retroativo parte do decreto que elevou al\u00edquotas do IOF, gerou forte rea\u00e7\u00e3o no setor financeiro.<\/p>\n\n\n\n<p>A exce\u00e7\u00e3o ficou para o \u201crisco sacado\u201d, considerado inconstitucional. Para analistas, a medida compromete a previsibilidade e poder\u00e1 levar a uma enxurrada de a\u00e7\u00f5es judiciais.<\/p>\n\n\n\n<p>Carlos Henrique, da Frente Corretora, afirma que a retroatividade impede o planejamento das empresas e dificulta o repasse dos valores ao consumidor. \u201cEsses contratos j\u00e1 foram firmados.<\/p>\n\n\n\n<p>Tend\u00eancia \u00e9 que o custo recaia sobre as companhias, que depois buscar\u00e3o repara\u00e7\u00e3o na Justi\u00e7a\u201d, afirmou.<\/p>\n\n\n\n<p>O epis\u00f3dio reacende o debate sobre os limites constitucionais entre os Poderes. A cria\u00e7\u00e3o ou altera\u00e7\u00e3o de tributos deve ser fun\u00e7\u00e3o exclusiva do Congresso Nacional. A decis\u00e3o do STF, gera incertezas e pode acelerar a migra\u00e7\u00e3o para moedas digitais como forma de prote\u00e7\u00e3o tribut\u00e1ria.<\/p>\n","protected":false},"excerpt":{"rendered":"<p>Especialistas alertam para inseguran\u00e7a jur\u00eddica e refor\u00e7am que legislar \u00e9 fun\u00e7\u00e3o do Congresso Nacional A decis\u00e3o do ministro Alexandre de&hellip;<\/p>\n","protected":false},"author":1,"featured_media":6724,"comment_status":"open","ping_status":"open","sticky":false,"template":"","format":"standard","meta":{"footnotes":""},"categories":[1],"tags":[],"class_list":["post-6723","post","type-post","status-publish","format-standard","has-post-thumbnail","hentry","category-uncategorized"],"_links":{"self":[{"href":"https:\/\/suanoticiaaqui.com.br\/news\/wp-json\/wp\/v2\/posts\/6723","targetHints":{"allow":["GET"]}}],"collection":[{"href":"https:\/\/suanoticiaaqui.com.br\/news\/wp-json\/wp\/v2\/posts"}],"about":[{"href":"https:\/\/suanoticiaaqui.com.br\/news\/wp-json\/wp\/v2\/types\/post"}],"author":[{"embeddable":true,"href":"https:\/\/suanoticiaaqui.com.br\/news\/wp-json\/wp\/v2\/users\/1"}],"replies":[{"embeddable":true,"href":"https:\/\/suanoticiaaqui.com.br\/news\/wp-json\/wp\/v2\/comments?post=6723"}],"version-history":[{"count":1,"href":"https:\/\/suanoticiaaqui.com.br\/news\/wp-json\/wp\/v2\/posts\/6723\/revisions"}],"predecessor-version":[{"id":6725,"href":"https:\/\/suanoticiaaqui.com.br\/news\/wp-json\/wp\/v2\/posts\/6723\/revisions\/6725"}],"wp:featuredmedia":[{"embeddable":true,"href":"https:\/\/suanoticiaaqui.com.br\/news\/wp-json\/wp\/v2\/media\/6724"}],"wp:attachment":[{"href":"https:\/\/suanoticiaaqui.com.br\/news\/wp-json\/wp\/v2\/media?parent=6723"}],"wp:term":[{"taxonomy":"category","embeddable":true,"href":"https:\/\/suanoticiaaqui.com.br\/news\/wp-json\/wp\/v2\/categories?post=6723"},{"taxonomy":"post_tag","embeddable":true,"href":"https:\/\/suanoticiaaqui.com.br\/news\/wp-json\/wp\/v2\/tags?post=6723"}],"curies":[{"name":"wp","href":"https:\/\/api.w.org\/{rel}","templated":true}]}}