{"id":6729,"date":"2025-07-18T16:57:28","date_gmt":"2025-07-18T20:57:28","guid":{"rendered":"https:\/\/suanoticiaaqui.com.br\/news\/?p=6729"},"modified":"2025-07-18T16:57:28","modified_gmt":"2025-07-18T20:57:28","slug":"nao-passa-na-minha-cabeca-a-prisao-afirma-bolsonaro","status":"publish","type":"post","link":"https:\/\/suanoticiaaqui.com.br\/news\/2025\/07\/18\/nao-passa-na-minha-cabeca-a-prisao-afirma-bolsonaro\/","title":{"rendered":"&#8216;N\u00e3o passa na minha cabe\u00e7a a pris\u00e3o&#8217;, afirma Bolsonaro"},"content":{"rendered":"\n<p>Ex-presidente se diz inocente e critica pedido de condena\u00e7\u00e3o da PGR<\/p>\n\n\n\n<ul class=\"wp-block-list\">\n<li><a href=\"https:\/\/bradockshow.com.br\/author\/marcotoledo\/\"><\/a>por <a href=\"https:\/\/bradockshow.com.br\/author\/marcotoledo\/\">Marco Toledo<\/a><\/li>\n<\/ul>\n\n\n\n<p>Em coletiva no Senado nesta quinta-feira (17), Jair Bolsonaro voltou a negar envolvimento em qualquer tentativa de golpe de Estado. Ap\u00f3s a PGR pedir sua condena\u00e7\u00e3o com penas que podem ultrapassar 40 anos, o ex-presidente reagiu: \u201cEu sou inocente. N\u00e3o passa na minha cabe\u00e7a a pris\u00e3o. N\u00e3o tenho nada a ver com o 8 de janeiro\u201d.<\/p>\n\n\n\n<p>Bolsonaro afirmou que o relat\u00f3rio da Pol\u00edcia Federal n\u00e3o o vincula aos atos, mas que o procurador Paulo Gonet \u201cfoi al\u00e9m dos autos\u201d. \u201cEu n\u00e3o tenho que provar que sou inocente.<\/p>\n\n\n\n<p>Eles que t\u00eam que provar que sou culpado. Tudo s\u00e3o suposi\u00e7\u00f5es\u201d, declarou. Ele tamb\u00e9m apontou \u201cinjusti\u00e7a\u201d no processo e reafirmou que estava fora do pa\u00eds na \u00e9poca.<\/p>\n\n\n\n<p>Ao comentar as tarifas impostas por Donald Trump a produtos brasileiros, Bolsonaro disse que, se tivesse carta branca, negociaria um acordo. Trump, em carta a Lula, citou viola\u00e7\u00f5es \u00e0 liberdade de express\u00e3o e mencionou Bolsonaro como v\u00edtima do Supremo.<\/p>\n","protected":false},"excerpt":{"rendered":"<p>Ex-presidente se diz inocente e critica pedido de condena\u00e7\u00e3o da PGR Em coletiva no Senado nesta quinta-feira (17), Jair Bolsonaro&hellip;<\/p>\n","protected":false},"author":1,"featured_media":6730,"comment_status":"open","ping_status":"open","sticky":false,"template":"","format":"standard","meta":{"footnotes":""},"categories":[1],"tags":[],"class_list":["post-6729","post","type-post","status-publish","format-standard","has-post-thumbnail","hentry","category-uncategorized"],"_links":{"self":[{"href":"https:\/\/suanoticiaaqui.com.br\/news\/wp-json\/wp\/v2\/posts\/6729","targetHints":{"allow":["GET"]}}],"collection":[{"href":"https:\/\/suanoticiaaqui.com.br\/news\/wp-json\/wp\/v2\/posts"}],"about":[{"href":"https:\/\/suanoticiaaqui.com.br\/news\/wp-json\/wp\/v2\/types\/post"}],"author":[{"embeddable":true,"href":"https:\/\/suanoticiaaqui.com.br\/news\/wp-json\/wp\/v2\/users\/1"}],"replies":[{"embeddable":true,"href":"https:\/\/suanoticiaaqui.com.br\/news\/wp-json\/wp\/v2\/comments?post=6729"}],"version-history":[{"count":1,"href":"https:\/\/suanoticiaaqui.com.br\/news\/wp-json\/wp\/v2\/posts\/6729\/revisions"}],"predecessor-version":[{"id":6731,"href":"https:\/\/suanoticiaaqui.com.br\/news\/wp-json\/wp\/v2\/posts\/6729\/revisions\/6731"}],"wp:featuredmedia":[{"embeddable":true,"href":"https:\/\/suanoticiaaqui.com.br\/news\/wp-json\/wp\/v2\/media\/6730"}],"wp:attachment":[{"href":"https:\/\/suanoticiaaqui.com.br\/news\/wp-json\/wp\/v2\/media?parent=6729"}],"wp:term":[{"taxonomy":"category","embeddable":true,"href":"https:\/\/suanoticiaaqui.com.br\/news\/wp-json\/wp\/v2\/categories?post=6729"},{"taxonomy":"post_tag","embeddable":true,"href":"https:\/\/suanoticiaaqui.com.br\/news\/wp-json\/wp\/v2\/tags?post=6729"}],"curies":[{"name":"wp","href":"https:\/\/api.w.org\/{rel}","templated":true}]}}