{"id":6741,"date":"2025-07-18T17:01:35","date_gmt":"2025-07-18T21:01:35","guid":{"rendered":"https:\/\/suanoticiaaqui.com.br\/news\/?p=6741"},"modified":"2025-07-18T17:01:35","modified_gmt":"2025-07-18T21:01:35","slug":"preso-por-trafico-amarelinho-e-acusado-de-armar-emboscada-que-terminou-em-morte","status":"publish","type":"post","link":"https:\/\/suanoticiaaqui.com.br\/news\/2025\/07\/18\/preso-por-trafico-amarelinho-e-acusado-de-armar-emboscada-que-terminou-em-morte\/","title":{"rendered":"Preso por tr\u00e1fico, \u201cAmarelinho\u201d \u00e9 acusado de armar emboscada que terminou em morte"},"content":{"rendered":"\n<ul class=\"wp-block-list\">\n<li>por\u00a0Luiz Guilherme e Leandro Holsbach<\/li>\n<\/ul>\n\n\n\n<p>Maicon Renovato Correia, de 23 anos, vulgo \u201cAmarelinho\u201d, foi alvo de opera\u00e7\u00e3o do SIG (Setor de Investiga\u00e7\u00f5es Gerais) na manh\u00e3 desta sexta-feira (18\/7), em Dourados, ap\u00f3s ser identificado como o principal suspeito de ter armado emboscada que terminou na execu\u00e7\u00e3o de Anderson Gonazales Pav\u00e3o, de 42, corrida no dia 1 deste m\u00eas, na Rua S\u00e3o Francisco, no Jardim It\u00e1lia.<\/p>\n\n\n\n<p>O rapaz j\u00e1 estava cumprindo pena na PED (Penitenci\u00e1ria Estadual de Dourado), por tr\u00e1fico de drogas. Hoje, os policiais cumpriram novo mandado de pris\u00e3o preventiva por homic\u00eddio qualificado.<\/p>\n\n\n\n<p>Segundo o delegado Lucas Albe Veppo, chefe do Setor de Investiga\u00e7\u00f5es Gerais, a investiga\u00e7\u00e3o aponta que o crime foi motivado por desaven\u00e7as no tr\u00e1fico local. A regi\u00e3o j\u00e1 \u00e9 bastante conhecida por concentrar as chamadas \u201cbocas de fumo\u201d e usu\u00e1rios.<\/p>\n\n\n\n<p>De acordo com informa\u00e7\u00f5es levantadas pelos agentes, Anderson Gonzales costumava triturar comprimidos e vend\u00ea-los como se fossem coca\u00edna, pr\u00e1tica que pode ter gerado atritos com outros traficantes e at\u00e9 viciados.<\/p>\n\n\n\n<p>O delegado explica que Maicon teria planejado o crime como uma retalia\u00e7\u00e3o. \u201cTudo indica que foi uma forma de dar uma li\u00e7\u00e3o, de impor respeito diante dos demais envolvidos no tr\u00e1fico, uma mensagem de que certas atitudes n\u00e3o seriam toleradas\u201d, relatou Lucas Veppo.<\/p>\n\n\n\n<p>Momentos antes de ser executado, Anderson que tamb\u00e9m possu\u00eda passagem por ter esfaquear a pr\u00f3pria m\u00e3e, estava acompanhado por duas pessoas que tamb\u00e9m foram ouvidas pela pol\u00edcia. Ainda n\u00e3o est\u00e1 claro se elas tiveram participa\u00e7\u00e3o direta no crime ou se foram usadas, sem saber, para facilitar a emboscada. Ambas prestaram depoimento e os desdobramentos ainda ser\u00e3o analisados pela investiga\u00e7\u00e3o.<\/p>\n\n\n\n<p>Durante o cumprimento do mandado, a pol\u00edcia encontrou a motocicleta usada no dia do homic\u00eddio. Ela j\u00e1 estava sendo desmontada na casa da fam\u00edlia de Maicon, num aparente esfor\u00e7o para eliminar provas. Tamb\u00e9m foi localizado um capacete que pode ter sido usado durante a execu\u00e7\u00e3o, al\u00e9m de outros objetos que ser\u00e3o periciados.<\/p>\n\n\n\n<p>A arma do crime, no entanto, ainda n\u00e3o foi localizada. A pol\u00edcia mant\u00e9m as buscas e refor\u00e7a o apelo \u00e0 popula\u00e7\u00e3o para que colabore com informa\u00e7\u00f5es.<\/p>\n","protected":false},"excerpt":{"rendered":"<p>Maicon Renovato Correia, de 23 anos, vulgo \u201cAmarelinho\u201d, foi alvo de opera\u00e7\u00e3o do SIG (Setor de Investiga\u00e7\u00f5es Gerais) na manh\u00e3&hellip;<\/p>\n","protected":false},"author":1,"featured_media":6742,"comment_status":"open","ping_status":"open","sticky":false,"template":"","format":"standard","meta":{"footnotes":""},"categories":[1],"tags":[],"class_list":["post-6741","post","type-post","status-publish","format-standard","has-post-thumbnail","hentry","category-uncategorized"],"_links":{"self":[{"href":"https:\/\/suanoticiaaqui.com.br\/news\/wp-json\/wp\/v2\/posts\/6741","targetHints":{"allow":["GET"]}}],"collection":[{"href":"https:\/\/suanoticiaaqui.com.br\/news\/wp-json\/wp\/v2\/posts"}],"about":[{"href":"https:\/\/suanoticiaaqui.com.br\/news\/wp-json\/wp\/v2\/types\/post"}],"author":[{"embeddable":true,"href":"https:\/\/suanoticiaaqui.com.br\/news\/wp-json\/wp\/v2\/users\/1"}],"replies":[{"embeddable":true,"href":"https:\/\/suanoticiaaqui.com.br\/news\/wp-json\/wp\/v2\/comments?post=6741"}],"version-history":[{"count":1,"href":"https:\/\/suanoticiaaqui.com.br\/news\/wp-json\/wp\/v2\/posts\/6741\/revisions"}],"predecessor-version":[{"id":6743,"href":"https:\/\/suanoticiaaqui.com.br\/news\/wp-json\/wp\/v2\/posts\/6741\/revisions\/6743"}],"wp:featuredmedia":[{"embeddable":true,"href":"https:\/\/suanoticiaaqui.com.br\/news\/wp-json\/wp\/v2\/media\/6742"}],"wp:attachment":[{"href":"https:\/\/suanoticiaaqui.com.br\/news\/wp-json\/wp\/v2\/media?parent=6741"}],"wp:term":[{"taxonomy":"category","embeddable":true,"href":"https:\/\/suanoticiaaqui.com.br\/news\/wp-json\/wp\/v2\/categories?post=6741"},{"taxonomy":"post_tag","embeddable":true,"href":"https:\/\/suanoticiaaqui.com.br\/news\/wp-json\/wp\/v2\/tags?post=6741"}],"curies":[{"name":"wp","href":"https:\/\/api.w.org\/{rel}","templated":true}]}}