{"id":6744,"date":"2025-07-18T17:03:09","date_gmt":"2025-07-18T21:03:09","guid":{"rendered":"https:\/\/suanoticiaaqui.com.br\/news\/?p=6744"},"modified":"2025-07-18T17:03:09","modified_gmt":"2025-07-18T21:03:09","slug":"filhos-de-bolsonaro-reagem-a-medidas-do-stf-e-reforcam-apoio-ao-pai","status":"publish","type":"post","link":"https:\/\/suanoticiaaqui.com.br\/news\/2025\/07\/18\/filhos-de-bolsonaro-reagem-a-medidas-do-stf-e-reforcam-apoio-ao-pai\/","title":{"rendered":"Filhos de Bolsonaro reagem a medidas do STF e refor\u00e7am apoio ao pai"},"content":{"rendered":"\n<p>Fl\u00e1vio e Eduardo criticam restri\u00e7\u00f5es; defesa classifica decis\u00e3o como severa e injustificada<\/p>\n\n\n\n<ul class=\"wp-block-list\">\n<li><a href=\"https:\/\/bradockshow.com.br\/author\/marcotoledo\/\"><\/a>por <a href=\"https:\/\/bradockshow.com.br\/author\/marcotoledo\/\">Marco Toledo<\/a><\/li>\n<\/ul>\n\n\n\n<p>A imposi\u00e7\u00e3o de medidas cautelares ao ex-presidente Jair Bolsonaro provocou rea\u00e7\u00e3o imediata de seus filhos nas redes sociais. O senador Fl\u00e1vio Bolsonaro classificou a decis\u00e3o do ministro Alexandre de Moraes como \u201c\u00f3dio travestido de justi\u00e7a\u201d e afirmou que impedir o pai de falar com os filhos \u00e9 \u201chumilha\u00e7\u00e3o proposital\u201d. Ele declarou: \u201cFica firme, pai, n\u00e3o v\u00e3o nos calar\u201d.<\/p>\n\n\n\n<p>J\u00e1 Eduardo Bolsonaro publicou em ingl\u00eas uma lista das restri\u00e7\u00f5es: uso de tornozeleira eletr\u00f4nica, toque de recolher, proibi\u00e7\u00e3o de redes sociais e de contato com diplomatas e familiares.<\/p>\n\n\n\n<p>Segundo ele, as medidas seriam uma resposta ao v\u00eddeo em que Bolsonaro agradece ao presidente dos EUA, Donald Trump.<\/p>\n\n\n\n<p>A defesa do ex-presidente afirmou ter recebido com \u201csurpresa e indigna\u00e7\u00e3o\u201d as medidas cautelares, destacando que Bolsonaro sempre cumpriu as determina\u00e7\u00f5es da Justi\u00e7a. As manifesta\u00e7\u00f5es coincidiram com discurso de Lula na TV, no qual atacou a postura americana, sem citar nomes.<\/p>\n","protected":false},"excerpt":{"rendered":"<p>Fl\u00e1vio e Eduardo criticam restri\u00e7\u00f5es; defesa classifica decis\u00e3o como severa e injustificada A imposi\u00e7\u00e3o de medidas cautelares ao ex-presidente Jair&hellip;<\/p>\n","protected":false},"author":1,"featured_media":6745,"comment_status":"open","ping_status":"open","sticky":false,"template":"","format":"standard","meta":{"footnotes":""},"categories":[1],"tags":[],"class_list":["post-6744","post","type-post","status-publish","format-standard","has-post-thumbnail","hentry","category-uncategorized"],"_links":{"self":[{"href":"https:\/\/suanoticiaaqui.com.br\/news\/wp-json\/wp\/v2\/posts\/6744","targetHints":{"allow":["GET"]}}],"collection":[{"href":"https:\/\/suanoticiaaqui.com.br\/news\/wp-json\/wp\/v2\/posts"}],"about":[{"href":"https:\/\/suanoticiaaqui.com.br\/news\/wp-json\/wp\/v2\/types\/post"}],"author":[{"embeddable":true,"href":"https:\/\/suanoticiaaqui.com.br\/news\/wp-json\/wp\/v2\/users\/1"}],"replies":[{"embeddable":true,"href":"https:\/\/suanoticiaaqui.com.br\/news\/wp-json\/wp\/v2\/comments?post=6744"}],"version-history":[{"count":1,"href":"https:\/\/suanoticiaaqui.com.br\/news\/wp-json\/wp\/v2\/posts\/6744\/revisions"}],"predecessor-version":[{"id":6746,"href":"https:\/\/suanoticiaaqui.com.br\/news\/wp-json\/wp\/v2\/posts\/6744\/revisions\/6746"}],"wp:featuredmedia":[{"embeddable":true,"href":"https:\/\/suanoticiaaqui.com.br\/news\/wp-json\/wp\/v2\/media\/6745"}],"wp:attachment":[{"href":"https:\/\/suanoticiaaqui.com.br\/news\/wp-json\/wp\/v2\/media?parent=6744"}],"wp:term":[{"taxonomy":"category","embeddable":true,"href":"https:\/\/suanoticiaaqui.com.br\/news\/wp-json\/wp\/v2\/categories?post=6744"},{"taxonomy":"post_tag","embeddable":true,"href":"https:\/\/suanoticiaaqui.com.br\/news\/wp-json\/wp\/v2\/tags?post=6744"}],"curies":[{"name":"wp","href":"https:\/\/api.w.org\/{rel}","templated":true}]}}