{"id":6749,"date":"2025-07-19T10:36:53","date_gmt":"2025-07-19T14:36:53","guid":{"rendered":"https:\/\/suanoticiaaqui.com.br\/news\/?p=6749"},"modified":"2025-07-19T10:36:53","modified_gmt":"2025-07-19T14:36:53","slug":"trio-e-preso-por-fornecer-bebidas-alcoolicas-a-menores-de-idade","status":"publish","type":"post","link":"https:\/\/suanoticiaaqui.com.br\/news\/2025\/07\/19\/trio-e-preso-por-fornecer-bebidas-alcoolicas-a-menores-de-idade\/","title":{"rendered":"Trio \u00e9 preso por fornecer bebidas alco\u00f3licas a menores de idade"},"content":{"rendered":"\n<p>Por\u00a0<strong>Adriano Moretto<\/strong><\/p>\n\n\n\n<p>Tr\u00eas pessoas foram presas na madrugada deste s\u00e1bado (19\/7), em Dourados, acusados de fornecer bebidas alco\u00f3licas a menores de idade. Tr\u00eas&nbsp;adolescentes, com 13, 14 e 17 anos estavam no estabelecimento, quando a Pol\u00edcia Militar chegou e realizou o flagrante.&nbsp;<\/p>\n\n\n\n<p>Conforme as informa\u00e7\u00f5es apuradas pelo&nbsp;<em><strong>Dourados News<\/strong><\/em>, as equipes participavam da \u2018Opera\u00e7\u00e3o Refor\u00e7o\u2019&nbsp;e receberam den\u00fancia de perturba\u00e7\u00e3o em um bar localizado no cruzamento das ruas Cuiab\u00e1 e Eul\u00e1lia Pires, regi\u00e3o do Jardim Cl\u00edmax.&nbsp;<\/p>\n\n\n\n<p>Chegando no local, encontraram as menores.&nbsp;<\/p>\n\n\n\n<p>Uma delas, de 17 anos, consumia bebida alco\u00f3lica com uma amiga de 19, enquanto outro rapaz, de 22 anos, acompanhava as outras duas.&nbsp;<\/p>\n\n\n\n<p>Questionada, uma das adolescentes revelou ter pegado cerveja no balc\u00e3o do estabelecimento, implicando homem de 26 anos, propriet\u00e1rio do local. Ele negou o fato.&nbsp;<\/p>\n\n\n\n<p>Os tr\u00eas acabaram encaminhados \u00e0 Depac (Delegacia de Pronto Atendimento Comunit\u00e1rio) de Dourados e autuados em flagrante por fornecer bebidas alco\u00f3licas a menores de idade.&nbsp;<\/p>\n\n\n\n<p>Todos os maiores de idade&nbsp;tiveram fian\u00e7a arbitradas em cinco sal\u00e1rios m\u00ednimos, equivalente a R$ 7.545,00. At\u00e9 o in\u00edcio desta manh\u00e3, eles permaneciam presos.<\/p>\n","protected":false},"excerpt":{"rendered":"<p>Por\u00a0Adriano Moretto Tr\u00eas pessoas foram presas na madrugada deste s\u00e1bado (19\/7), em Dourados, acusados de fornecer bebidas alco\u00f3licas a menores&hellip;<\/p>\n","protected":false},"author":1,"featured_media":6750,"comment_status":"open","ping_status":"open","sticky":false,"template":"","format":"standard","meta":{"footnotes":""},"categories":[1],"tags":[],"class_list":["post-6749","post","type-post","status-publish","format-standard","has-post-thumbnail","hentry","category-uncategorized"],"_links":{"self":[{"href":"https:\/\/suanoticiaaqui.com.br\/news\/wp-json\/wp\/v2\/posts\/6749","targetHints":{"allow":["GET"]}}],"collection":[{"href":"https:\/\/suanoticiaaqui.com.br\/news\/wp-json\/wp\/v2\/posts"}],"about":[{"href":"https:\/\/suanoticiaaqui.com.br\/news\/wp-json\/wp\/v2\/types\/post"}],"author":[{"embeddable":true,"href":"https:\/\/suanoticiaaqui.com.br\/news\/wp-json\/wp\/v2\/users\/1"}],"replies":[{"embeddable":true,"href":"https:\/\/suanoticiaaqui.com.br\/news\/wp-json\/wp\/v2\/comments?post=6749"}],"version-history":[{"count":1,"href":"https:\/\/suanoticiaaqui.com.br\/news\/wp-json\/wp\/v2\/posts\/6749\/revisions"}],"predecessor-version":[{"id":6751,"href":"https:\/\/suanoticiaaqui.com.br\/news\/wp-json\/wp\/v2\/posts\/6749\/revisions\/6751"}],"wp:featuredmedia":[{"embeddable":true,"href":"https:\/\/suanoticiaaqui.com.br\/news\/wp-json\/wp\/v2\/media\/6750"}],"wp:attachment":[{"href":"https:\/\/suanoticiaaqui.com.br\/news\/wp-json\/wp\/v2\/media?parent=6749"}],"wp:term":[{"taxonomy":"category","embeddable":true,"href":"https:\/\/suanoticiaaqui.com.br\/news\/wp-json\/wp\/v2\/categories?post=6749"},{"taxonomy":"post_tag","embeddable":true,"href":"https:\/\/suanoticiaaqui.com.br\/news\/wp-json\/wp\/v2\/tags?post=6749"}],"curies":[{"name":"wp","href":"https:\/\/api.w.org\/{rel}","templated":true}]}}