{"id":6752,"date":"2025-07-19T10:38:52","date_gmt":"2025-07-19T14:38:52","guid":{"rendered":"https:\/\/suanoticiaaqui.com.br\/news\/?p=6752"},"modified":"2025-07-19T10:38:52","modified_gmt":"2025-07-19T14:38:52","slug":"bolsonaro-nega-fuga-e-diz-viver-suprema-humilhacao-com-tornozeleira","status":"publish","type":"post","link":"https:\/\/suanoticiaaqui.com.br\/news\/2025\/07\/19\/bolsonaro-nega-fuga-e-diz-viver-suprema-humilhacao-com-tornozeleira\/","title":{"rendered":"Bolsonaro nega fuga e diz viver \u201csuprema humilha\u00e7\u00e3o\u201d com tornozeleira"},"content":{"rendered":"\n<p>Ex-presidente cumpre medidas cautelares impostas por Moraes e reafirma perman\u00eancia no Brasil<\/p>\n\n\n\n<ul class=\"wp-block-list\">\n<li><a href=\"https:\/\/bradockshow.com.br\/author\/marcotoledo\/\"><\/a>por <a href=\"https:\/\/bradockshow.com.br\/author\/marcotoledo\/\">Marco Toledo<\/a><\/li>\n<\/ul>\n\n\n\n<p>O ex-presidente Jair Bolsonaro (PL) negou nesta sexta-feira (18) que tenha cogitado deixar o pa\u00eds ou se refugiar em embaixadas.<\/p>\n\n\n\n<p>A declara\u00e7\u00e3o foi dada ap\u00f3s determina\u00e7\u00e3o do ministro Alexandre de Moraes, do STF, que imp\u00f4s uso de tornozeleira eletr\u00f4nica, recolhimento domiciliar noturno, proibi\u00e7\u00e3o de uso de redes sociais e contato com diplomatas, investigados e seu filho Eduardo Bolsonaro.<\/p>\n\n\n\n<p>\u201cSou um ex-presidente da Rep\u00fablica, tenho 70 anos de idade. Nunca pensei em sair do Brasil. \u00c9 uma suprema humilha\u00e7\u00e3o\u201d, afirmou.<\/p>\n\n\n\n<p>Pol\u00edcia Federal cumpriu mandados de busca e apreens\u00e3o em endere\u00e7os ligados a Bolsonaro na manh\u00e3 desta sexta-feira, no \u00e2mbito de investiga\u00e7\u00f5es em curso.<\/p>\n\n\n\n<p>Questionado sobre os 14 mil d\u00f3lares encontrados, Bolsonaro explicou: \u201cSempre guardei d\u00f3lar em casa. Todo d\u00f3lar pego l\u00e1 tem o recibo do Banco do Brasil\u201d. Ele tamb\u00e9m lamentou: \u201cN\u00e3o posso falar com meu filho Eduardo. \u00c9 uma humilha\u00e7\u00e3o\u201d.<\/p>\n","protected":false},"excerpt":{"rendered":"<p>Ex-presidente cumpre medidas cautelares impostas por Moraes e reafirma perman\u00eancia no Brasil O ex-presidente Jair Bolsonaro (PL) negou nesta sexta-feira&hellip;<\/p>\n","protected":false},"author":1,"featured_media":6753,"comment_status":"open","ping_status":"open","sticky":false,"template":"","format":"standard","meta":{"footnotes":""},"categories":[1],"tags":[],"class_list":["post-6752","post","type-post","status-publish","format-standard","has-post-thumbnail","hentry","category-uncategorized"],"_links":{"self":[{"href":"https:\/\/suanoticiaaqui.com.br\/news\/wp-json\/wp\/v2\/posts\/6752","targetHints":{"allow":["GET"]}}],"collection":[{"href":"https:\/\/suanoticiaaqui.com.br\/news\/wp-json\/wp\/v2\/posts"}],"about":[{"href":"https:\/\/suanoticiaaqui.com.br\/news\/wp-json\/wp\/v2\/types\/post"}],"author":[{"embeddable":true,"href":"https:\/\/suanoticiaaqui.com.br\/news\/wp-json\/wp\/v2\/users\/1"}],"replies":[{"embeddable":true,"href":"https:\/\/suanoticiaaqui.com.br\/news\/wp-json\/wp\/v2\/comments?post=6752"}],"version-history":[{"count":1,"href":"https:\/\/suanoticiaaqui.com.br\/news\/wp-json\/wp\/v2\/posts\/6752\/revisions"}],"predecessor-version":[{"id":6754,"href":"https:\/\/suanoticiaaqui.com.br\/news\/wp-json\/wp\/v2\/posts\/6752\/revisions\/6754"}],"wp:featuredmedia":[{"embeddable":true,"href":"https:\/\/suanoticiaaqui.com.br\/news\/wp-json\/wp\/v2\/media\/6753"}],"wp:attachment":[{"href":"https:\/\/suanoticiaaqui.com.br\/news\/wp-json\/wp\/v2\/media?parent=6752"}],"wp:term":[{"taxonomy":"category","embeddable":true,"href":"https:\/\/suanoticiaaqui.com.br\/news\/wp-json\/wp\/v2\/categories?post=6752"},{"taxonomy":"post_tag","embeddable":true,"href":"https:\/\/suanoticiaaqui.com.br\/news\/wp-json\/wp\/v2\/tags?post=6752"}],"curies":[{"name":"wp","href":"https:\/\/api.w.org\/{rel}","templated":true}]}}