{"id":6764,"date":"2025-07-19T10:43:06","date_gmt":"2025-07-19T14:43:06","guid":{"rendered":"https:\/\/suanoticiaaqui.com.br\/news\/?p=6764"},"modified":"2025-07-19T10:43:06","modified_gmt":"2025-07-19T14:43:06","slug":"lula-prepara-retaliacao-aos-eua-apos-sancoes-contra-moraes","status":"publish","type":"post","link":"https:\/\/suanoticiaaqui.com.br\/news\/2025\/07\/19\/lula-prepara-retaliacao-aos-eua-apos-sancoes-contra-moraes\/","title":{"rendered":"Lula prepara retalia\u00e7\u00e3o aos EUA ap\u00f3s san\u00e7\u00f5es contra Moraes"},"content":{"rendered":"\n<p>Governo estuda barrar entrada de autoridades americanas e executivos de big techs em resposta a medida do governo Trump<\/p>\n\n\n\n<ul class=\"wp-block-list\">\n<li><a href=\"https:\/\/bradockshow.com.br\/author\/marcotoledo\/\"><\/a>por <a href=\"https:\/\/bradockshow.com.br\/author\/marcotoledo\/\">Marco Toledo<\/a><\/li>\n<\/ul>\n\n\n\n<p>O governo Lula articula uma retalia\u00e7\u00e3o diplom\u00e1tica ap\u00f3s os Estados Unidos suspenderem os vistos de Alexandre de Moraes, familiares e aliados do STF.<\/p>\n\n\n\n<p>A proposta, conduzida por ministros do Planalto, prev\u00ea cancelar vistos de autoridades ligadas a Donald Trump e de executivos de grandes empresas de tecnologia que atuam no Brasil.<\/p>\n\n\n\n<p>Decis\u00e3o norte-americana foi anunciada nesta sexta-feira (18) pelo secret\u00e1rio de Estado Marco Rubio, que classificou as a\u00e7\u00f5es do STF como \u201cpersegui\u00e7\u00e3o pol\u00edtica\u201d.<\/p>\n\n\n\n<p>Em vez de buscar di\u00e1logo, o governo brasileiro opta por uma resposta que pode agravar o isolamento internacional, mirando inclusive representantes de empresas que s\u00e3o vitais \u00e0 economia e \u00e0 comunica\u00e7\u00e3o digital.<\/p>\n\n\n\n<p>Sem respaldo claro da diplomacia, a rea\u00e7\u00e3o do Planalto revela mais uma tentativa de proteger aliados ideol\u00f3gicos, mesmo que isso custe rela\u00e7\u00f5es estrat\u00e9gicas com os EUA.<\/p>\n\n\n\n<p>Proposta ser\u00e1 levada a Lula nos pr\u00f3ximos dias e, se aprovada, pode marcar um erro hist\u00f3rico nas rela\u00e7\u00f5es exteriores brasileiras.<\/p>\n","protected":false},"excerpt":{"rendered":"<p>Governo estuda barrar entrada de autoridades americanas e executivos de big techs em resposta a medida do governo Trump O&hellip;<\/p>\n","protected":false},"author":1,"featured_media":6765,"comment_status":"open","ping_status":"open","sticky":false,"template":"","format":"standard","meta":{"footnotes":""},"categories":[1],"tags":[],"class_list":["post-6764","post","type-post","status-publish","format-standard","has-post-thumbnail","hentry","category-uncategorized"],"_links":{"self":[{"href":"https:\/\/suanoticiaaqui.com.br\/news\/wp-json\/wp\/v2\/posts\/6764","targetHints":{"allow":["GET"]}}],"collection":[{"href":"https:\/\/suanoticiaaqui.com.br\/news\/wp-json\/wp\/v2\/posts"}],"about":[{"href":"https:\/\/suanoticiaaqui.com.br\/news\/wp-json\/wp\/v2\/types\/post"}],"author":[{"embeddable":true,"href":"https:\/\/suanoticiaaqui.com.br\/news\/wp-json\/wp\/v2\/users\/1"}],"replies":[{"embeddable":true,"href":"https:\/\/suanoticiaaqui.com.br\/news\/wp-json\/wp\/v2\/comments?post=6764"}],"version-history":[{"count":1,"href":"https:\/\/suanoticiaaqui.com.br\/news\/wp-json\/wp\/v2\/posts\/6764\/revisions"}],"predecessor-version":[{"id":6766,"href":"https:\/\/suanoticiaaqui.com.br\/news\/wp-json\/wp\/v2\/posts\/6764\/revisions\/6766"}],"wp:featuredmedia":[{"embeddable":true,"href":"https:\/\/suanoticiaaqui.com.br\/news\/wp-json\/wp\/v2\/media\/6765"}],"wp:attachment":[{"href":"https:\/\/suanoticiaaqui.com.br\/news\/wp-json\/wp\/v2\/media?parent=6764"}],"wp:term":[{"taxonomy":"category","embeddable":true,"href":"https:\/\/suanoticiaaqui.com.br\/news\/wp-json\/wp\/v2\/categories?post=6764"},{"taxonomy":"post_tag","embeddable":true,"href":"https:\/\/suanoticiaaqui.com.br\/news\/wp-json\/wp\/v2\/tags?post=6764"}],"curies":[{"name":"wp","href":"https:\/\/api.w.org\/{rel}","templated":true}]}}