{"id":6767,"date":"2025-07-19T10:44:13","date_gmt":"2025-07-19T14:44:13","guid":{"rendered":"https:\/\/suanoticiaaqui.com.br\/news\/?p=6767"},"modified":"2025-07-19T10:44:13","modified_gmt":"2025-07-19T14:44:13","slug":"homem-e-preso-apos-ameacar-e-expor-imagens-intimas-de-ex-companheira","status":"publish","type":"post","link":"https:\/\/suanoticiaaqui.com.br\/news\/2025\/07\/19\/homem-e-preso-apos-ameacar-e-expor-imagens-intimas-de-ex-companheira\/","title":{"rendered":"Homem \u00e9 preso ap\u00f3s amea\u00e7ar e expor imagens \u00edntimas de ex-companheira"},"content":{"rendered":"\n<p>por Campo Grande News<\/p>\n\n\n\n<p>Em uma a\u00e7\u00e3o integrada, as Pol\u00edcias Civis de Mato Grosso do Sul e do Par\u00e1 prenderam nesta segunda-feira (14), em flagrante, um homem investigado por viol\u00eancia dom\u00e9stica, amea\u00e7as e divulga\u00e7\u00e3o de imagens \u00edntimas da ex-companheira.&nbsp;<\/p>\n\n\n\n<p>De acordo com informa\u00e7\u00f5es policiais, a pris\u00e3o foi realizada no munic\u00edpio de Aparecida do Taboado, Delegacia de Pol\u00edcia local, a partir de informa\u00e7\u00f5es repassadas pela Pol\u00edcia Civil do Par\u00e1.<\/p>\n\n\n\n<p>A investiga\u00e7\u00e3o teve in\u00edcio no munic\u00edpio de Capanema (PA), quando a v\u00edtima procurou a Delegacia Especializada no Atendimento \u00e0 Mulher (DEAM) para relatar persegui\u00e7\u00f5es, amea\u00e7as de morte e a exposi\u00e7\u00e3o de imagens \u00edntimas em redes sociais.<\/p>\n\n\n\n<p>Segundo apurado, o autor, inconformado com o fim do relacionamento, teria se apropriado do celular da v\u00edtima e utilizado contas vinculadas ao aparelho para divulgar as fotos com o objetivo de extorquir dinheiro.<\/p>\n\n\n\n<p>Com base nas informa\u00e7\u00f5es apuradas pela DEAM do Par\u00e1, a Delegacia de Aparecida do Taboado localizou e prendeu o autor. De acordo com o delegado Gustavo Fernal, \u201ca a\u00e7\u00e3o conjunta permitiu uma resposta r\u00e1pida e eficaz \u00e0 v\u00edtima, garantindo a responsabiliza\u00e7\u00e3o do autor\u201d.<\/p>\n","protected":false},"excerpt":{"rendered":"<p>por Campo Grande News Em uma a\u00e7\u00e3o integrada, as Pol\u00edcias Civis de Mato Grosso do Sul e do Par\u00e1 prenderam&hellip;<\/p>\n","protected":false},"author":1,"featured_media":6768,"comment_status":"open","ping_status":"open","sticky":false,"template":"","format":"standard","meta":{"footnotes":""},"categories":[1],"tags":[],"class_list":["post-6767","post","type-post","status-publish","format-standard","has-post-thumbnail","hentry","category-uncategorized"],"_links":{"self":[{"href":"https:\/\/suanoticiaaqui.com.br\/news\/wp-json\/wp\/v2\/posts\/6767","targetHints":{"allow":["GET"]}}],"collection":[{"href":"https:\/\/suanoticiaaqui.com.br\/news\/wp-json\/wp\/v2\/posts"}],"about":[{"href":"https:\/\/suanoticiaaqui.com.br\/news\/wp-json\/wp\/v2\/types\/post"}],"author":[{"embeddable":true,"href":"https:\/\/suanoticiaaqui.com.br\/news\/wp-json\/wp\/v2\/users\/1"}],"replies":[{"embeddable":true,"href":"https:\/\/suanoticiaaqui.com.br\/news\/wp-json\/wp\/v2\/comments?post=6767"}],"version-history":[{"count":1,"href":"https:\/\/suanoticiaaqui.com.br\/news\/wp-json\/wp\/v2\/posts\/6767\/revisions"}],"predecessor-version":[{"id":6769,"href":"https:\/\/suanoticiaaqui.com.br\/news\/wp-json\/wp\/v2\/posts\/6767\/revisions\/6769"}],"wp:featuredmedia":[{"embeddable":true,"href":"https:\/\/suanoticiaaqui.com.br\/news\/wp-json\/wp\/v2\/media\/6768"}],"wp:attachment":[{"href":"https:\/\/suanoticiaaqui.com.br\/news\/wp-json\/wp\/v2\/media?parent=6767"}],"wp:term":[{"taxonomy":"category","embeddable":true,"href":"https:\/\/suanoticiaaqui.com.br\/news\/wp-json\/wp\/v2\/categories?post=6767"},{"taxonomy":"post_tag","embeddable":true,"href":"https:\/\/suanoticiaaqui.com.br\/news\/wp-json\/wp\/v2\/tags?post=6767"}],"curies":[{"name":"wp","href":"https:\/\/api.w.org\/{rel}","templated":true}]}}