{"id":6791,"date":"2025-07-19T10:55:36","date_gmt":"2025-07-19T14:55:36","guid":{"rendered":"https:\/\/suanoticiaaqui.com.br\/news\/?p=6791"},"modified":"2025-07-19T10:55:36","modified_gmt":"2025-07-19T14:55:36","slug":"policia-investiga-uso-de-drones-para-lancamento-de-drogas-em-penitenciaria-de-dourados","status":"publish","type":"post","link":"https:\/\/suanoticiaaqui.com.br\/news\/2025\/07\/19\/policia-investiga-uso-de-drones-para-lancamento-de-drogas-em-penitenciaria-de-dourados\/","title":{"rendered":"Pol\u00edcia investiga uso de drones para lan\u00e7amento de drogas em penitenci\u00e1ria de Dourados"},"content":{"rendered":"\n<h2 class=\"wp-block-heading\">Durante opera\u00e7\u00e3o, duas pessoas foram autuadas em flagrante<\/h2>\n\n\n\n<p>Cr\u00e9ditos:\u00a0<strong>Midiamax<\/strong><\/p>\n\n\n\n<p>Policiais penitenci\u00e1rios da Penitenci\u00e1ria Estadual de Dourados (PED) identificaram m\u00faltiplos sobrevoos de drones, totalizando ao menos 13, entre a noite de ter\u00e7a-feira (8) e a madrugada desta quarta-feira (9). Os equipamentos foram utilizados para lan\u00e7amento de drogas.<\/p>\n\n\n\n<p>Para conter essas a\u00e7\u00f5es uma opera\u00e7\u00e3o foi deflagrada nas primeiras horas da manh\u00e3 desta quarta-feira. Durante as buscas no Raio 2 da unidade, os agentes encontraram uma por\u00e7\u00e3o de drogas pesando 38 gramas. No entanto, o respons\u00e1vel pelo material n\u00e3o foi identificado.<\/p>\n\n\n\n<p>Na sequ\u00eancia, as equipes intensificaram a revista nas celas do setor. Na cela 36, foi identificado um detento de 41 anos. No local, foram encontradas duas por\u00e7\u00f5es de entorpecentes, sendo uma de coca\u00edna ainda embalada, e um pacote contendo 217 papelotes.<\/p>\n\n\n\n<p>J\u00e1 na cela 35, um detento de 29 anos, foi flagrado com 33 por\u00e7\u00f5es de haxixe e maconha. Diante das evid\u00eancias, os dois detentos foram conduzidos \u00e0 Depac (Delegacia de Pronto Atendimento Comunit\u00e1rio), onde foram autuados em flagrante.<\/p>\n","protected":false},"excerpt":{"rendered":"<p>Durante opera\u00e7\u00e3o, duas pessoas foram autuadas em flagrante Cr\u00e9ditos:\u00a0Midiamax Policiais penitenci\u00e1rios da Penitenci\u00e1ria Estadual de Dourados (PED) identificaram m\u00faltiplos sobrevoos&hellip;<\/p>\n","protected":false},"author":1,"featured_media":6792,"comment_status":"open","ping_status":"open","sticky":false,"template":"","format":"standard","meta":{"footnotes":""},"categories":[1],"tags":[],"class_list":["post-6791","post","type-post","status-publish","format-standard","has-post-thumbnail","hentry","category-uncategorized"],"_links":{"self":[{"href":"https:\/\/suanoticiaaqui.com.br\/news\/wp-json\/wp\/v2\/posts\/6791","targetHints":{"allow":["GET"]}}],"collection":[{"href":"https:\/\/suanoticiaaqui.com.br\/news\/wp-json\/wp\/v2\/posts"}],"about":[{"href":"https:\/\/suanoticiaaqui.com.br\/news\/wp-json\/wp\/v2\/types\/post"}],"author":[{"embeddable":true,"href":"https:\/\/suanoticiaaqui.com.br\/news\/wp-json\/wp\/v2\/users\/1"}],"replies":[{"embeddable":true,"href":"https:\/\/suanoticiaaqui.com.br\/news\/wp-json\/wp\/v2\/comments?post=6791"}],"version-history":[{"count":1,"href":"https:\/\/suanoticiaaqui.com.br\/news\/wp-json\/wp\/v2\/posts\/6791\/revisions"}],"predecessor-version":[{"id":6793,"href":"https:\/\/suanoticiaaqui.com.br\/news\/wp-json\/wp\/v2\/posts\/6791\/revisions\/6793"}],"wp:featuredmedia":[{"embeddable":true,"href":"https:\/\/suanoticiaaqui.com.br\/news\/wp-json\/wp\/v2\/media\/6792"}],"wp:attachment":[{"href":"https:\/\/suanoticiaaqui.com.br\/news\/wp-json\/wp\/v2\/media?parent=6791"}],"wp:term":[{"taxonomy":"category","embeddable":true,"href":"https:\/\/suanoticiaaqui.com.br\/news\/wp-json\/wp\/v2\/categories?post=6791"},{"taxonomy":"post_tag","embeddable":true,"href":"https:\/\/suanoticiaaqui.com.br\/news\/wp-json\/wp\/v2\/tags?post=6791"}],"curies":[{"name":"wp","href":"https:\/\/api.w.org\/{rel}","templated":true}]}}