{"id":6794,"date":"2025-07-19T11:00:07","date_gmt":"2025-07-19T15:00:07","guid":{"rendered":"https:\/\/suanoticiaaqui.com.br\/news\/?p=6794"},"modified":"2025-07-19T11:00:07","modified_gmt":"2025-07-19T15:00:07","slug":"apos-estrategia-esnobe-partidos-comecam-a-articular-candidatura-de-oposicao-a-riedel-e-reinaldo","status":"publish","type":"post","link":"https:\/\/suanoticiaaqui.com.br\/news\/2025\/07\/19\/apos-estrategia-esnobe-partidos-comecam-a-articular-candidatura-de-oposicao-a-riedel-e-reinaldo\/","title":{"rendered":"Ap\u00f3s estrat\u00e9gia esnobe, partidos come\u00e7am a articular candidatura de oposi\u00e7\u00e3o a Riedel e Reinaldo"},"content":{"rendered":"\n<h2 class=\"wp-block-heading\">\uffa0\u3164<\/h2>\n\n\n\n<p>Cr\u00e9ditos:\u00a0<strong>Investiga MS<\/strong><\/p>\n\n\n\n<p>Lideran\u00e7as partid\u00e1rias come\u00e7am a ensaiar candidaturas de oposi\u00e7\u00e3o ao grupo comandado pelo governador Eduardo Riedel (PSDB) e ex-governador Reinaldo Azambuja (PSDB), pr\u00e9-candidatos ao Governo do Estado e Senado em Mato Grosso do Sul.<\/p>\n\n\n\n<p>Com PL e Uni\u00e3o\/PP encaminhados, Reinaldo e Riedel j\u00e1 t\u00eam uma boa parte do tempo na propaganda eleitoral e fundo partid\u00e1rio e j\u00e1 avisaram aliados que ter\u00e3o, no m\u00e1ximo, tr\u00eas partidos na coliga\u00e7\u00e3o.<\/p>\n\n\n\n<p>Diferentemente das elei\u00e7\u00f5es passadas, quando acumularam o maior n\u00famero poss\u00edvel de partidos aliados, o grupo tucano adotou a estrat\u00e9gia para economizar, mas est\u00e1 come\u00e7ando a deixar partidos soltos e criando pequenos grupos de oposi\u00e7\u00e3o.<\/p>\n\n\n\n<p>A estrat\u00e9gia levou em considera\u00e7\u00e3o a economia e tamb\u00e9m a falta de concorrentes fortes para a disputa. Com PP e PL, o grupo acredita que garante a maioria do eleitor, porque tira da jogada a senadora Tereza Cristina (PP) e o grupo do PL de Jair Bolsonaro.<\/p>\n\n\n\n<p><strong>Candidaturas de oposi\u00e7\u00e3o<\/strong><\/p>\n\n\n\n<p>Enquanto o grupo tucano descansa na zona de conforto, pequenas vozes de oposi\u00e7\u00e3o come\u00e7am a surgir.<\/p>\n\n\n\n<p>O ex-deputado F\u00e1bio Trad anunciou recentemente a sa\u00edda do PSD. Ele \u00e9 cotado para disputar o governo pelo PT. Diferentemente de Nelsinho Trad, que \u00e9 aliado do grupo tucano, F\u00e1bio \u00e9 oposi\u00e7\u00e3o, assim como o outro irm\u00e3o, Marquinhos Trad (PDT), que enfrentou Riedel na \u00faltima elei\u00e7\u00e3o para o Governo do Estado.<\/p>\n\n\n\n<p><br>Al\u00e9m do PT, o grupo mais pr\u00f3ximo de Lula ainda pode ter como candidata ao Senado a ministra do Planejamento e Or\u00e7amento, Simone Tebet (MDB).<\/p>\n\n\n\n<p>Presidente do PT em Mato Grosso do Sul, Vander anunciou que vai procurar F\u00e1bio e Simone antes de conversar com Riedel sobre a continuidade do PT na base de sustenta\u00e7\u00e3o dele.<\/p>\n\n\n\n<p><br>O PT j\u00e1 avisou Riedel que lan\u00e7ar\u00e1 candidatura de oposi\u00e7\u00e3o se ele n\u00e3o garantir um palanque para Lula no Estado, mas continua na base e com cargos no governo.<\/p>\n\n\n\n<p><br><strong>Outros partidos<\/strong><\/p>\n\n\n\n<p><br>Nesta semana, o ex-senador Delc\u00eddio do Amaral, que comanda o PRD no Estado, anunciou que vai trabalhar por uma candidatura pr\u00f3pria ao Governo do Estado. O partido anunciou uma federa\u00e7\u00e3o com o Solidariedade, que pode ajudar a sigla a construir chapas para deputado estadual e federal.<\/p>\n\n\n\n<p><br>O PSOL tem como pr\u00e9-candidato o ex-candidato a prefeito de Campo Grande, Luso Queiroz. J\u00e1 o Partido Novo fez convite para Capit\u00e3o Contar (PRTB) e Marcos Pollon (PL) se filiarem, com liberdade para concorrerem ao Senado ou Governo do Estado.<\/p>\n","protected":false},"excerpt":{"rendered":"<p>\uffa0\u3164 Cr\u00e9ditos:\u00a0Investiga MS Lideran\u00e7as partid\u00e1rias come\u00e7am a ensaiar candidaturas de oposi\u00e7\u00e3o ao grupo comandado pelo governador Eduardo Riedel (PSDB) e&hellip;<\/p>\n","protected":false},"author":1,"featured_media":6795,"comment_status":"open","ping_status":"open","sticky":false,"template":"","format":"standard","meta":{"footnotes":""},"categories":[1],"tags":[],"class_list":["post-6794","post","type-post","status-publish","format-standard","has-post-thumbnail","hentry","category-uncategorized"],"_links":{"self":[{"href":"https:\/\/suanoticiaaqui.com.br\/news\/wp-json\/wp\/v2\/posts\/6794","targetHints":{"allow":["GET"]}}],"collection":[{"href":"https:\/\/suanoticiaaqui.com.br\/news\/wp-json\/wp\/v2\/posts"}],"about":[{"href":"https:\/\/suanoticiaaqui.com.br\/news\/wp-json\/wp\/v2\/types\/post"}],"author":[{"embeddable":true,"href":"https:\/\/suanoticiaaqui.com.br\/news\/wp-json\/wp\/v2\/users\/1"}],"replies":[{"embeddable":true,"href":"https:\/\/suanoticiaaqui.com.br\/news\/wp-json\/wp\/v2\/comments?post=6794"}],"version-history":[{"count":1,"href":"https:\/\/suanoticiaaqui.com.br\/news\/wp-json\/wp\/v2\/posts\/6794\/revisions"}],"predecessor-version":[{"id":6796,"href":"https:\/\/suanoticiaaqui.com.br\/news\/wp-json\/wp\/v2\/posts\/6794\/revisions\/6796"}],"wp:featuredmedia":[{"embeddable":true,"href":"https:\/\/suanoticiaaqui.com.br\/news\/wp-json\/wp\/v2\/media\/6795"}],"wp:attachment":[{"href":"https:\/\/suanoticiaaqui.com.br\/news\/wp-json\/wp\/v2\/media?parent=6794"}],"wp:term":[{"taxonomy":"category","embeddable":true,"href":"https:\/\/suanoticiaaqui.com.br\/news\/wp-json\/wp\/v2\/categories?post=6794"},{"taxonomy":"post_tag","embeddable":true,"href":"https:\/\/suanoticiaaqui.com.br\/news\/wp-json\/wp\/v2\/tags?post=6794"}],"curies":[{"name":"wp","href":"https:\/\/api.w.org\/{rel}","templated":true}]}}