{"id":6797,"date":"2025-07-19T11:01:10","date_gmt":"2025-07-19T15:01:10","guid":{"rendered":"https:\/\/suanoticiaaqui.com.br\/news\/?p=6797"},"modified":"2025-07-19T11:01:10","modified_gmt":"2025-07-19T15:01:10","slug":"eua-investigam-praticas-comerciais-brasileiras-envolvendo-setor-digital","status":"publish","type":"post","link":"https:\/\/suanoticiaaqui.com.br\/news\/2025\/07\/19\/eua-investigam-praticas-comerciais-brasileiras-envolvendo-setor-digital\/","title":{"rendered":"EUA investigam pr\u00e1ticas comerciais brasileiras envolvendo setor digital"},"content":{"rendered":"\n<p>Iniciativa americana analisa ambiente regulat\u00f3rio e impacto sobre empresas de tecnologia e exporta\u00e7\u00f5es<\/p>\n\n\n\n<ul class=\"wp-block-list\">\n<li><a href=\"https:\/\/bradockshow.com.br\/author\/marcotoledo\/\"><\/a>por <a href=\"https:\/\/bradockshow.com.br\/author\/marcotoledo\/\">Marco Toledo<\/a><\/li>\n<\/ul>\n\n\n\n<p>O governo dos Estados Unidos abriu nesta ter\u00e7a-feira (15) uma investiga\u00e7\u00e3o comercial para avaliar pr\u00e1ticas regulat\u00f3rias e comerciais adotadas pelo Brasil, com foco em poss\u00edveis impactos sobre empresas americanas, especialmente do setor de tecnologia.<\/p>\n\n\n\n<p>A medida foi anunciada pelo Escrit\u00f3rio do Representante de Com\u00e9rcio dos EUA (USTR), que busca examinar o ambiente de atua\u00e7\u00e3o para plataformas digitais no pa\u00eds.<\/p>\n\n\n\n<p>Segundo o representante comercial Jamieson Greer, a investiga\u00e7\u00e3o foi aberta a pedido do presidente Donald Trump, diante de preocupa\u00e7\u00f5es com restri\u00e7\u00f5es envolvendo redes sociais e servi\u00e7os digitais.<\/p>\n\n\n\n<p>O processo tamb\u00e9m avalia quest\u00f5es como com\u00e9rcio eletr\u00f4nico, tarifas sobre o etanol americano, prote\u00e7\u00e3o \u00e0 propriedade intelectual e mecanismos de transpar\u00eancia.<\/p>\n\n\n\n<p>Embora o comunicado do USTR n\u00e3o cite diretamente autoridades brasileiras, fontes ligadas \u00e0 apura\u00e7\u00e3o apontam interesse em entender melhor o marco regulat\u00f3rio local.<\/p>\n\n\n\n<p>Iniciativa visa manter di\u00e1logo aberto entre os dois pa\u00edses e assegurar equil\u00edbrio nas rela\u00e7\u00f5es comerciais bilaterais.<\/p>\n","protected":false},"excerpt":{"rendered":"<p>Iniciativa americana analisa ambiente regulat\u00f3rio e impacto sobre empresas de tecnologia e exporta\u00e7\u00f5es O governo dos Estados Unidos abriu nesta&hellip;<\/p>\n","protected":false},"author":1,"featured_media":6798,"comment_status":"open","ping_status":"open","sticky":false,"template":"","format":"standard","meta":{"footnotes":""},"categories":[1],"tags":[],"class_list":["post-6797","post","type-post","status-publish","format-standard","has-post-thumbnail","hentry","category-uncategorized"],"_links":{"self":[{"href":"https:\/\/suanoticiaaqui.com.br\/news\/wp-json\/wp\/v2\/posts\/6797","targetHints":{"allow":["GET"]}}],"collection":[{"href":"https:\/\/suanoticiaaqui.com.br\/news\/wp-json\/wp\/v2\/posts"}],"about":[{"href":"https:\/\/suanoticiaaqui.com.br\/news\/wp-json\/wp\/v2\/types\/post"}],"author":[{"embeddable":true,"href":"https:\/\/suanoticiaaqui.com.br\/news\/wp-json\/wp\/v2\/users\/1"}],"replies":[{"embeddable":true,"href":"https:\/\/suanoticiaaqui.com.br\/news\/wp-json\/wp\/v2\/comments?post=6797"}],"version-history":[{"count":1,"href":"https:\/\/suanoticiaaqui.com.br\/news\/wp-json\/wp\/v2\/posts\/6797\/revisions"}],"predecessor-version":[{"id":6799,"href":"https:\/\/suanoticiaaqui.com.br\/news\/wp-json\/wp\/v2\/posts\/6797\/revisions\/6799"}],"wp:featuredmedia":[{"embeddable":true,"href":"https:\/\/suanoticiaaqui.com.br\/news\/wp-json\/wp\/v2\/media\/6798"}],"wp:attachment":[{"href":"https:\/\/suanoticiaaqui.com.br\/news\/wp-json\/wp\/v2\/media?parent=6797"}],"wp:term":[{"taxonomy":"category","embeddable":true,"href":"https:\/\/suanoticiaaqui.com.br\/news\/wp-json\/wp\/v2\/categories?post=6797"},{"taxonomy":"post_tag","embeddable":true,"href":"https:\/\/suanoticiaaqui.com.br\/news\/wp-json\/wp\/v2\/tags?post=6797"}],"curies":[{"name":"wp","href":"https:\/\/api.w.org\/{rel}","templated":true}]}}