{"id":6802,"date":"2025-07-21T12:23:35","date_gmt":"2025-07-21T16:23:35","guid":{"rendered":"https:\/\/suanoticiaaqui.com.br\/news\/?p=6802"},"modified":"2025-07-21T12:23:35","modified_gmt":"2025-07-21T16:23:35","slug":"trio-e-preso-pela-prf-com-556-quilos-de-maconha-transportados-em-carro-com-placas-de-sp","status":"publish","type":"post","link":"https:\/\/suanoticiaaqui.com.br\/news\/2025\/07\/21\/trio-e-preso-pela-prf-com-556-quilos-de-maconha-transportados-em-carro-com-placas-de-sp\/","title":{"rendered":"Trio \u00e9 preso pela PRF com 556 quilos de maconha transportados em carro com placas de SP"},"content":{"rendered":"\n<ul class=\"wp-block-list\">\n<li>por\u00a0Luiz Guilherme e Sidnei Bronka<\/li>\n<\/ul>\n\n\n\n<p>Por volta das 11h deste domingo (20\/7), a PRF (Pol\u00edcia Rodovi\u00e1ria Federal) prendeu tr\u00eas homens acusados de tr\u00e1fico de drogas na MS-156, em Caarap\u00f3. Segundo o boletim de ocorr\u00eancia, Andr\u00e9 Lu\u00eds Barbosa, conduzia um ve\u00edculo GM \u00d4nix, com placas de S\u00e3o Paulo, carregado com mais de meia tonelada de maconha.<\/p>\n\n\n\n<p>Al\u00e9m dele, tamb\u00e9m foram presos Alan Nascimento da Cruz e Cristiano Rodrigues Viel, que atuavam como \u201cbatedor\u201d de estrada num carro Citroen C4.<\/p>\n\n\n\n<p>Assim que os policiais abordaram o primeiro autom\u00f3vel, visualizaram uma colcha sob o banco traseiro. Questionado, Andr\u00e9 Lu\u00eds informou que carregava 556 quilos de maconha.<\/p>\n\n\n\n<p>Em ato cont\u00ednuo, foi identificado o carro C4. Devido as contradi\u00e7\u00f5es apresentadas pelos ocupantes, os ve\u00edculos e os tr\u00eas homens foram levados \u00e0 base operacional da Pol\u00edcia Rodovi\u00e1ria Federal, em Caarap\u00f3, onde receberam voz de pris\u00e3o.<\/p>\n\n\n\n<p>O trio acabou encaminhado para a Delegacia de PC (Pol\u00edcia Civil), em Caarap\u00f3, e foram autuados em flagrante.<\/p>\n","protected":false},"excerpt":{"rendered":"<p>Por volta das 11h deste domingo (20\/7), a PRF (Pol\u00edcia Rodovi\u00e1ria Federal) prendeu tr\u00eas homens acusados de tr\u00e1fico de drogas&hellip;<\/p>\n","protected":false},"author":1,"featured_media":6803,"comment_status":"open","ping_status":"open","sticky":false,"template":"","format":"standard","meta":{"footnotes":""},"categories":[1],"tags":[],"class_list":["post-6802","post","type-post","status-publish","format-standard","has-post-thumbnail","hentry","category-uncategorized"],"_links":{"self":[{"href":"https:\/\/suanoticiaaqui.com.br\/news\/wp-json\/wp\/v2\/posts\/6802","targetHints":{"allow":["GET"]}}],"collection":[{"href":"https:\/\/suanoticiaaqui.com.br\/news\/wp-json\/wp\/v2\/posts"}],"about":[{"href":"https:\/\/suanoticiaaqui.com.br\/news\/wp-json\/wp\/v2\/types\/post"}],"author":[{"embeddable":true,"href":"https:\/\/suanoticiaaqui.com.br\/news\/wp-json\/wp\/v2\/users\/1"}],"replies":[{"embeddable":true,"href":"https:\/\/suanoticiaaqui.com.br\/news\/wp-json\/wp\/v2\/comments?post=6802"}],"version-history":[{"count":1,"href":"https:\/\/suanoticiaaqui.com.br\/news\/wp-json\/wp\/v2\/posts\/6802\/revisions"}],"predecessor-version":[{"id":6804,"href":"https:\/\/suanoticiaaqui.com.br\/news\/wp-json\/wp\/v2\/posts\/6802\/revisions\/6804"}],"wp:featuredmedia":[{"embeddable":true,"href":"https:\/\/suanoticiaaqui.com.br\/news\/wp-json\/wp\/v2\/media\/6803"}],"wp:attachment":[{"href":"https:\/\/suanoticiaaqui.com.br\/news\/wp-json\/wp\/v2\/media?parent=6802"}],"wp:term":[{"taxonomy":"category","embeddable":true,"href":"https:\/\/suanoticiaaqui.com.br\/news\/wp-json\/wp\/v2\/categories?post=6802"},{"taxonomy":"post_tag","embeddable":true,"href":"https:\/\/suanoticiaaqui.com.br\/news\/wp-json\/wp\/v2\/tags?post=6802"}],"curies":[{"name":"wp","href":"https:\/\/api.w.org\/{rel}","templated":true}]}}