{"id":6805,"date":"2025-07-21T12:24:38","date_gmt":"2025-07-21T16:24:38","guid":{"rendered":"https:\/\/suanoticiaaqui.com.br\/news\/?p=6805"},"modified":"2025-07-21T12:24:38","modified_gmt":"2025-07-21T16:24:38","slug":"homem-e-preso-pela-patrulha-maria-da-penha-apos-agredir-companheira","status":"publish","type":"post","link":"https:\/\/suanoticiaaqui.com.br\/news\/2025\/07\/21\/homem-e-preso-pela-patrulha-maria-da-penha-apos-agredir-companheira\/","title":{"rendered":"Homem \u00e9 preso pela Patrulha Maria da Penha ap\u00f3s agredir companheira"},"content":{"rendered":"\n<ul class=\"wp-block-list\">\n<li>por Luiz Guilherme<\/li>\n<\/ul>\n\n\n\n<p>A Patrulha Maria da Penha, da GMD (Guarda Municipal de Dourados), prendeu na madrugada desta segunda-feira (21\/7), Fernando Rodrigues Monteiro, de 34 anos, acusado de agredir verbal e fisicamente a companheira, de 40, ap\u00f3s crise de ci\u00fames em uma danceteria onde ambos estavam.<\/p>\n\n\n\n<p>De acordo com o registro policial, a v\u00edtima foi at\u00e9 o Terminal Rodovi\u00e1rio Renato Lemes Soares e pediu socorro aos guardas municipais que, por sua vez, acionaram a equipe especializada.<\/p>\n\n\n\n<p>Ela relatou que mora com o agressor h\u00e1 aproximadamente sete meses e sa\u00edram para se divertir quando, num determinado momento, o homem passou a agredi-la com xingamentos de baixo cal\u00e3o e ainda acusando-a de querer transar com os demais homens no local.<\/p>\n\n\n\n<p>N\u00e3o contente, Fernando passou a bater na mulher com socos e empurr\u00f5es, jogando-a contra a parede, causando uma les\u00e3o no cotovelo esquerdo. A v\u00edtima s\u00f3 parou de apanhar porque a seguran\u00e7a do estabelecimento interveio.<\/p>\n\n\n\n<p>Enquanto a equipe da Guarda Municipal de Dourados conversava com a mulher, o agressor mandou mensagem dizendo que estava em frente \u00e0 resid\u00eancia do casal aguardando-a chegar. A guarni\u00e7\u00e3o deslocou at\u00e9 ao endere\u00e7o onde se deparou com o agressor sentado do lado de fora, pr\u00f3ximo ao port\u00e3o de entrada. Ao ser abordado, Fernando que n\u00e3o portava nenhum documento, apresentou nome falso, sendo posteriormente identificado corretamente.<\/p>\n\n\n\n<p>Ap\u00f3s checagem no sistema Sigo, os guardas municipais encontraram mandado de pris\u00e3o em desfavor de Fenando Rodrigues Monteiro, expedido pela comarca de Campo Grande da 2\u00aa Vara de Execu\u00e7\u00e3o Penal do Interior. Diante dos fatos, ele recebeu voz de pris\u00e3o e foi conduzido para a Depac (Delegacia de Pronto Atendimento Comunit\u00e1rio) para as providencias cab\u00edveis.<\/p>\n","protected":false},"excerpt":{"rendered":"<p>A Patrulha Maria da Penha, da GMD (Guarda Municipal de Dourados), prendeu na madrugada desta segunda-feira (21\/7), Fernando Rodrigues Monteiro,&hellip;<\/p>\n","protected":false},"author":1,"featured_media":6806,"comment_status":"open","ping_status":"open","sticky":false,"template":"","format":"standard","meta":{"footnotes":""},"categories":[1],"tags":[],"class_list":["post-6805","post","type-post","status-publish","format-standard","has-post-thumbnail","hentry","category-uncategorized"],"_links":{"self":[{"href":"https:\/\/suanoticiaaqui.com.br\/news\/wp-json\/wp\/v2\/posts\/6805","targetHints":{"allow":["GET"]}}],"collection":[{"href":"https:\/\/suanoticiaaqui.com.br\/news\/wp-json\/wp\/v2\/posts"}],"about":[{"href":"https:\/\/suanoticiaaqui.com.br\/news\/wp-json\/wp\/v2\/types\/post"}],"author":[{"embeddable":true,"href":"https:\/\/suanoticiaaqui.com.br\/news\/wp-json\/wp\/v2\/users\/1"}],"replies":[{"embeddable":true,"href":"https:\/\/suanoticiaaqui.com.br\/news\/wp-json\/wp\/v2\/comments?post=6805"}],"version-history":[{"count":1,"href":"https:\/\/suanoticiaaqui.com.br\/news\/wp-json\/wp\/v2\/posts\/6805\/revisions"}],"predecessor-version":[{"id":6807,"href":"https:\/\/suanoticiaaqui.com.br\/news\/wp-json\/wp\/v2\/posts\/6805\/revisions\/6807"}],"wp:featuredmedia":[{"embeddable":true,"href":"https:\/\/suanoticiaaqui.com.br\/news\/wp-json\/wp\/v2\/media\/6806"}],"wp:attachment":[{"href":"https:\/\/suanoticiaaqui.com.br\/news\/wp-json\/wp\/v2\/media?parent=6805"}],"wp:term":[{"taxonomy":"category","embeddable":true,"href":"https:\/\/suanoticiaaqui.com.br\/news\/wp-json\/wp\/v2\/categories?post=6805"},{"taxonomy":"post_tag","embeddable":true,"href":"https:\/\/suanoticiaaqui.com.br\/news\/wp-json\/wp\/v2\/tags?post=6805"}],"curies":[{"name":"wp","href":"https:\/\/api.w.org\/{rel}","templated":true}]}}