{"id":6808,"date":"2025-07-21T12:25:54","date_gmt":"2025-07-21T16:25:54","guid":{"rendered":"https:\/\/suanoticiaaqui.com.br\/news\/?p=6808"},"modified":"2025-07-21T12:25:54","modified_gmt":"2025-07-21T16:25:54","slug":"policia-prende-2o-envolvido-no-assassinato-de-advogado-brasileiro-na-fronteira","status":"publish","type":"post","link":"https:\/\/suanoticiaaqui.com.br\/news\/2025\/07\/21\/policia-prende-2o-envolvido-no-assassinato-de-advogado-brasileiro-na-fronteira\/","title":{"rendered":"Pol\u00edcia prende 2\u00ba envolvido no assassinato de advogado brasileiro na fronteira"},"content":{"rendered":"\n<ul class=\"wp-block-list\">\n<li>por Luiz Guilherme<\/li>\n<\/ul>\n\n\n\n<p>J\u00fanior Augusto Cubas, de 37 anos, foi preso na noite deste domingo (20\/7), no Bairro General Genes, em Pedro Juan Caballero, na fronteira com Ponta Por\u00e3, acusado de envolvimento no assassinato do advogado Nivaldo de Souza Cordeira, de 64, ocorrido no dia 2 de julho deste ano, na cidade paraguaia.&nbsp;<\/p>\n\n\n\n<p>O brasileiro trafegava de moto quando foi abordado por agentes do Departamento de Investiga\u00e7\u00f5es do departamento de Amambay. Com ele, os policiais encontraram o celular do advogado e pe\u00e7as de roupa que teriam sido usadas pelo criminoso no dia da execu\u00e7\u00e3o.<\/p>\n\n\n\n<p>A pol\u00edcia paraguaia ainda n\u00e3o informou o motivo do assassinato, por\u00e9m, no dia do crime, os investigadores levantaram a hip\u00f3tese de que Nivaldo poderia ter sido v\u00edtima de latroc\u00ednio (roubo seguido de morte).<\/p>\n\n\n\n<p>J\u00fanior Augusto Cubas tinha tr\u00eas mandados de pris\u00e3o em aberto, incluindo o assassinato do advogado. Outro envolvido no crime, o paraguaio Adolfo Dami\u00e1n Laranjeira Mart\u00ednez, de 36 anos, havia sido preso dois dias ap\u00f3s o corpo do advogado ser encontrado em terreno baldio com tiro no olho esquerdo. Foi ele que indicou o local onde estava escondida a BMW X1 branca, com placas de Col\u00edder (MT), roubada do advogado.<\/p>\n","protected":false},"excerpt":{"rendered":"<p>J\u00fanior Augusto Cubas, de 37 anos, foi preso na noite deste domingo (20\/7), no Bairro General Genes, em Pedro Juan&hellip;<\/p>\n","protected":false},"author":1,"featured_media":6809,"comment_status":"open","ping_status":"open","sticky":false,"template":"","format":"standard","meta":{"footnotes":""},"categories":[1],"tags":[],"class_list":["post-6808","post","type-post","status-publish","format-standard","has-post-thumbnail","hentry","category-uncategorized"],"_links":{"self":[{"href":"https:\/\/suanoticiaaqui.com.br\/news\/wp-json\/wp\/v2\/posts\/6808","targetHints":{"allow":["GET"]}}],"collection":[{"href":"https:\/\/suanoticiaaqui.com.br\/news\/wp-json\/wp\/v2\/posts"}],"about":[{"href":"https:\/\/suanoticiaaqui.com.br\/news\/wp-json\/wp\/v2\/types\/post"}],"author":[{"embeddable":true,"href":"https:\/\/suanoticiaaqui.com.br\/news\/wp-json\/wp\/v2\/users\/1"}],"replies":[{"embeddable":true,"href":"https:\/\/suanoticiaaqui.com.br\/news\/wp-json\/wp\/v2\/comments?post=6808"}],"version-history":[{"count":1,"href":"https:\/\/suanoticiaaqui.com.br\/news\/wp-json\/wp\/v2\/posts\/6808\/revisions"}],"predecessor-version":[{"id":6810,"href":"https:\/\/suanoticiaaqui.com.br\/news\/wp-json\/wp\/v2\/posts\/6808\/revisions\/6810"}],"wp:featuredmedia":[{"embeddable":true,"href":"https:\/\/suanoticiaaqui.com.br\/news\/wp-json\/wp\/v2\/media\/6809"}],"wp:attachment":[{"href":"https:\/\/suanoticiaaqui.com.br\/news\/wp-json\/wp\/v2\/media?parent=6808"}],"wp:term":[{"taxonomy":"category","embeddable":true,"href":"https:\/\/suanoticiaaqui.com.br\/news\/wp-json\/wp\/v2\/categories?post=6808"},{"taxonomy":"post_tag","embeddable":true,"href":"https:\/\/suanoticiaaqui.com.br\/news\/wp-json\/wp\/v2\/tags?post=6808"}],"curies":[{"name":"wp","href":"https:\/\/api.w.org\/{rel}","templated":true}]}}