{"id":6817,"date":"2025-07-21T15:25:55","date_gmt":"2025-07-21T19:25:55","guid":{"rendered":"https:\/\/suanoticiaaqui.com.br\/news\/?p=6817"},"modified":"2025-07-21T15:25:55","modified_gmt":"2025-07-21T19:25:55","slug":"cupula-no-chile-reuniao-de-lideres-de-esquerda-com-discurso-de-defesa-da-democracia","status":"publish","type":"post","link":"https:\/\/suanoticiaaqui.com.br\/news\/2025\/07\/21\/cupula-no-chile-reuniao-de-lideres-de-esquerda-com-discurso-de-defesa-da-democracia\/","title":{"rendered":"C\u00fapula no Chile: Reuni\u00e3o de &#8216;l\u00edderes&#8217; de esquerda com discurso de defesa da Democracia"},"content":{"rendered":"\n<p>Disfar\u00e7ando-se como um esfor\u00e7o para proteger institui\u00e7\u00f5es, o encontro re\u00fane l\u00edderes de esquerda, incluindo Lula, que mant\u00e9m apoio a regimes autorit\u00e1rios e antidemocr\u00e1ticos na regi\u00e3o<\/p>\n\n\n\n<ul class=\"wp-block-list\">\n<li><a href=\"https:\/\/bradockshow.com.br\/author\/marcotoledo\/\"><\/a>por <a href=\"https:\/\/bradockshow.com.br\/author\/marcotoledo\/\">Marco Toledo<\/a><\/li>\n<\/ul>\n\n\n\n<p>Enquanto a m\u00eddia insiste em rotular como \u201cdefesa da democracia\u201d, a reuni\u00e3o realizada no Chile nada mais \u00e9 que uma nova vers\u00e3o do antigo Foro de S\u00e3o Paulo, agora sob disfarce.<\/p>\n\n\n\n<p>Participam l\u00edderes alinhados \u00e0 mesma ideologia que vem minando institui\u00e7\u00f5es e promovendo a agenda da esquerda na Am\u00e9rica Latina. Lula, protagonista do encontro, segue apoiando pa\u00edses antidemocr\u00e1ticos e tiranos, refor\u00e7ando alian\u00e7as que afrontam valores democr\u00e1ticos genu\u00ednos.<\/p>\n\n\n\n<p>O evento, com presidentes como Boric e Petro, busca uniformizar o discurso contra o que chamam de \u201cextremismo\u201d, mas que na pr\u00e1tica serve para calar opositores e fortalecer um poder concentrado e ideol\u00f3gico.<\/p>\n\n\n\n<p>Al\u00e9m disso, o encontro ignora o verdadeiro desafio democr\u00e1tico: a preserva\u00e7\u00e3o das institui\u00e7\u00f5es independentes e o respeito \u00e0 pluralidade pol\u00edtica.<\/p>\n\n\n\n<p>Em vez disso, promove um alinhamento autorit\u00e1rio disfar\u00e7ado de di\u00e1logo e \u201ccombate a discursos extremistas\u201d, enquanto avan\u00e7a a agenda progressista que h\u00e1 anos limita a liberdade e a soberania nacional.<\/p>\n","protected":false},"excerpt":{"rendered":"<p>Disfar\u00e7ando-se como um esfor\u00e7o para proteger institui\u00e7\u00f5es, o encontro re\u00fane l\u00edderes de esquerda, incluindo Lula, que mant\u00e9m apoio a regimes&hellip;<\/p>\n","protected":false},"author":1,"featured_media":6818,"comment_status":"open","ping_status":"open","sticky":false,"template":"","format":"standard","meta":{"footnotes":""},"categories":[1],"tags":[],"class_list":["post-6817","post","type-post","status-publish","format-standard","has-post-thumbnail","hentry","category-uncategorized"],"_links":{"self":[{"href":"https:\/\/suanoticiaaqui.com.br\/news\/wp-json\/wp\/v2\/posts\/6817","targetHints":{"allow":["GET"]}}],"collection":[{"href":"https:\/\/suanoticiaaqui.com.br\/news\/wp-json\/wp\/v2\/posts"}],"about":[{"href":"https:\/\/suanoticiaaqui.com.br\/news\/wp-json\/wp\/v2\/types\/post"}],"author":[{"embeddable":true,"href":"https:\/\/suanoticiaaqui.com.br\/news\/wp-json\/wp\/v2\/users\/1"}],"replies":[{"embeddable":true,"href":"https:\/\/suanoticiaaqui.com.br\/news\/wp-json\/wp\/v2\/comments?post=6817"}],"version-history":[{"count":1,"href":"https:\/\/suanoticiaaqui.com.br\/news\/wp-json\/wp\/v2\/posts\/6817\/revisions"}],"predecessor-version":[{"id":6819,"href":"https:\/\/suanoticiaaqui.com.br\/news\/wp-json\/wp\/v2\/posts\/6817\/revisions\/6819"}],"wp:featuredmedia":[{"embeddable":true,"href":"https:\/\/suanoticiaaqui.com.br\/news\/wp-json\/wp\/v2\/media\/6818"}],"wp:attachment":[{"href":"https:\/\/suanoticiaaqui.com.br\/news\/wp-json\/wp\/v2\/media?parent=6817"}],"wp:term":[{"taxonomy":"category","embeddable":true,"href":"https:\/\/suanoticiaaqui.com.br\/news\/wp-json\/wp\/v2\/categories?post=6817"},{"taxonomy":"post_tag","embeddable":true,"href":"https:\/\/suanoticiaaqui.com.br\/news\/wp-json\/wp\/v2\/tags?post=6817"}],"curies":[{"name":"wp","href":"https:\/\/api.w.org\/{rel}","templated":true}]}}