{"id":6820,"date":"2025-07-21T15:27:00","date_gmt":"2025-07-21T19:27:00","guid":{"rendered":"https:\/\/suanoticiaaqui.com.br\/news\/?p=6820"},"modified":"2025-07-21T15:27:00","modified_gmt":"2025-07-21T19:27:00","slug":"moraes-diz-que-bolsonaro-confessou-extorsao-contra-justica-brasileira","status":"publish","type":"post","link":"https:\/\/suanoticiaaqui.com.br\/news\/2025\/07\/21\/moraes-diz-que-bolsonaro-confessou-extorsao-contra-justica-brasileira\/","title":{"rendered":"Moraes diz que Bolsonaro confessou extors\u00e3o contra Justi\u00e7a brasileira"},"content":{"rendered":"\n<ul class=\"wp-block-list\">\n<li>por\u00a0G1<\/li>\n<\/ul>\n\n\n\n<p>O ministro Alexandre de Moraes, do Supremo Tribunal Federal (STF) afirmou, ao impor medidas restritivas a Jair Bolsonaro (PL), que o ex-presidente confessou uma tentativa de extors\u00e3o contra a Justi\u00e7a brasileira ao condicionar o fim do tarifa\u00e7o de Donald Trump \u00e0 pr\u00f3pria anistia.<\/p>\n\n\n\n<p>Para o ministro, a conduta configura, em tese, os crimes de coa\u00e7\u00e3o no curso do processo, obstru\u00e7\u00e3o de investiga\u00e7\u00e3o que envolve organiza\u00e7\u00e3o criminosa e atentado \u00e0 soberania nacional.<\/p>\n\n\n\n<p>&#8220;A conduta do r\u00e9u JAIR MESSIAS BOLSONARO [&#8230;] \u00e9 t\u00e3o grave e despudorada que na data de hoje (17\/7\/2025), em entrevista coletiva, sem qualquer respeito \u00e0 Soberania Nacional do Povo brasileiro, \u00e0 Constitui\u00e7\u00e3o Federal e \u00e0 independ\u00eancia do Poder Judici\u00e1rio, expressamente, confessou sua consciente e volunt\u00e1ria atua\u00e7\u00e3o criminosa na extors\u00e3o que se pretende contra a Justi\u00e7a brasileira, CONDICIONANDO O FIM DA \u201cTAXA\u00c7\u00c3O\/SAN\u00c7\u00c3O\u201d \u00c0 SUA PR\u00d3PRIA ANISTIA&#8221;, escreveu Moraes.<\/p>\n\n\n\n<p>Na mesma decis\u00e3o, Moraes aponta que a \u201cinten\u00e7\u00e3o criminosa\u201d do ex-presidente \u00e9 \u201cpatente e escancarada\u201d e afirma que as a\u00e7\u00f5es se intensificaram ap\u00f3s a procuradoria-Geral da Rep\u00fablica (PGR) entregar as alega\u00e7\u00f5es finais e pedir a condena\u00e7\u00e3o de Bolsonaro no inqu\u00e9rito da tentativa de golpe.<\/p>\n\n\n\n<p>Segundo o ministro, Bolsonaro estimulou a atua\u00e7\u00e3o do governo dos Estados Unidos contra autoridades brasileiras, como parte de uma estrat\u00e9gia para pressionar o Supremo obstruir o inqu\u00e9rito do golpe.<\/p>\n\n\n\n<p>Para o magistrado, Bolsonaro, em conjunto com o filho Eduardo Bolsonaro (PL-SP), que est\u00e1 no Estados Unidos, cometem &#8220;atentados \u00e0 soberania nacional&#8221; com o objetivo de interferir em processos judiciais, desestabilizar a economia e pressionar o Poder Judici\u00e1rio, em especial o STF.<\/p>\n\n\n\n<p>As medidas cautelares impostas por Moraes incluem o uso de tornozeleira eletr\u00f4nica, recolhimento domiciliar noturno, proibi\u00e7\u00e3o de contato com embaixadores, diplomatas e outros investigados, al\u00e9m da proibi\u00e7\u00e3o de uso de redes sociais.<\/p>\n\n\n\n<p>A Pol\u00edcia Federal cumpriu mandados de busca e apreens\u00e3o na resid\u00eancia de Bolsonaro ainda pela manh\u00e3. As a\u00e7\u00f5es se baseiam na investiga\u00e7\u00e3o que aponta que ele atuou, ao lado do filho Eduardo Bolsonaro, para promover ataques \u00e0 soberania nacional e \u00e0 independ\u00eancia do Judici\u00e1rio, inclusive com apoio estrangeiro.<\/p>\n","protected":false},"excerpt":{"rendered":"<p>O ministro Alexandre de Moraes, do Supremo Tribunal Federal (STF) afirmou, ao impor medidas restritivas a Jair Bolsonaro (PL), que&hellip;<\/p>\n","protected":false},"author":1,"featured_media":6821,"comment_status":"open","ping_status":"open","sticky":false,"template":"","format":"standard","meta":{"footnotes":""},"categories":[1],"tags":[],"class_list":["post-6820","post","type-post","status-publish","format-standard","has-post-thumbnail","hentry","category-uncategorized"],"_links":{"self":[{"href":"https:\/\/suanoticiaaqui.com.br\/news\/wp-json\/wp\/v2\/posts\/6820","targetHints":{"allow":["GET"]}}],"collection":[{"href":"https:\/\/suanoticiaaqui.com.br\/news\/wp-json\/wp\/v2\/posts"}],"about":[{"href":"https:\/\/suanoticiaaqui.com.br\/news\/wp-json\/wp\/v2\/types\/post"}],"author":[{"embeddable":true,"href":"https:\/\/suanoticiaaqui.com.br\/news\/wp-json\/wp\/v2\/users\/1"}],"replies":[{"embeddable":true,"href":"https:\/\/suanoticiaaqui.com.br\/news\/wp-json\/wp\/v2\/comments?post=6820"}],"version-history":[{"count":1,"href":"https:\/\/suanoticiaaqui.com.br\/news\/wp-json\/wp\/v2\/posts\/6820\/revisions"}],"predecessor-version":[{"id":6822,"href":"https:\/\/suanoticiaaqui.com.br\/news\/wp-json\/wp\/v2\/posts\/6820\/revisions\/6822"}],"wp:featuredmedia":[{"embeddable":true,"href":"https:\/\/suanoticiaaqui.com.br\/news\/wp-json\/wp\/v2\/media\/6821"}],"wp:attachment":[{"href":"https:\/\/suanoticiaaqui.com.br\/news\/wp-json\/wp\/v2\/media?parent=6820"}],"wp:term":[{"taxonomy":"category","embeddable":true,"href":"https:\/\/suanoticiaaqui.com.br\/news\/wp-json\/wp\/v2\/categories?post=6820"},{"taxonomy":"post_tag","embeddable":true,"href":"https:\/\/suanoticiaaqui.com.br\/news\/wp-json\/wp\/v2\/tags?post=6820"}],"curies":[{"name":"wp","href":"https:\/\/api.w.org\/{rel}","templated":true}]}}