{"id":6823,"date":"2025-07-21T15:28:03","date_gmt":"2025-07-21T19:28:03","guid":{"rendered":"https:\/\/suanoticiaaqui.com.br\/news\/?p=6823"},"modified":"2025-07-21T15:28:03","modified_gmt":"2025-07-21T19:28:03","slug":"restricoes-de-moraes-complicam-ate-acesso-de-bolsonaro-a-hospitais","status":"publish","type":"post","link":"https:\/\/suanoticiaaqui.com.br\/news\/2025\/07\/21\/restricoes-de-moraes-complicam-ate-acesso-de-bolsonaro-a-hospitais\/","title":{"rendered":"Restri\u00e7\u00f5es de Moraes complicam at\u00e9 acesso de Bolsonaro a hospitais"},"content":{"rendered":"\n<p>Proibi\u00e7\u00e3o de aproxima\u00e7\u00e3o a embaixadas interfere at\u00e9 em rotas de emerg\u00eancia na capital federal<\/p>\n\n\n\n<ul class=\"wp-block-list\">\n<li><a href=\"https:\/\/bradockshow.com.br\/author\/marcotoledo\/\"><\/a>por <a href=\"https:\/\/bradockshow.com.br\/author\/marcotoledo\/\">Marco Toledo<\/a><\/li>\n<\/ul>\n\n\n\n<p>A decis\u00e3o do ministro Alexandre de Moraes, do STF, que impede Jair Bolsonaro de se aproximar a menos de 200 metros de embaixadas e consulados, tornou complexos at\u00e9 os deslocamentos m\u00e9dicos do ex-presidente.<\/p>\n\n\n\n<p>Bras\u00edlia concentra 132 representa\u00e7\u00f5es diplom\u00e1ticas, a maioria no eixo central, dificultando o trajeto at\u00e9 hospitais.<\/p>\n\n\n\n<p>Morador do Jardim Bot\u00e2nico, Bolsonaro precisaria tra\u00e7ar rotas alternativas para evitar violar a ordem judicial, mesmo em emerg\u00eancias.<\/p>\n\n\n\n<p>O DF Star, hospital onde j\u00e1 foi internado em 2025 por 22 dias e novamente em junho, \u00e9 uma das poucas op\u00e7\u00f5es vi\u00e1veis com desvios pontuais. J\u00e1 unidades mais pr\u00f3ximas, como o Daher e o Hospital Bras\u00edlia, no Lago Sul, exigiriam malabarismos log\u00edsticos devido \u00e0 proximidade com dezenas de embaixadas.<\/p>\n\n\n\n<p>Desde a facada em 2018, o ex-presidente passou por 10 cirurgias, sete ligadas ao atentado, e continua enfrentando problemas de sa\u00fade que exigem cuidados constantes.<\/p>\n","protected":false},"excerpt":{"rendered":"<p>Proibi\u00e7\u00e3o de aproxima\u00e7\u00e3o a embaixadas interfere at\u00e9 em rotas de emerg\u00eancia na capital federal A decis\u00e3o do ministro Alexandre de&hellip;<\/p>\n","protected":false},"author":1,"featured_media":6824,"comment_status":"open","ping_status":"open","sticky":false,"template":"","format":"standard","meta":{"footnotes":""},"categories":[1],"tags":[],"class_list":["post-6823","post","type-post","status-publish","format-standard","has-post-thumbnail","hentry","category-uncategorized"],"_links":{"self":[{"href":"https:\/\/suanoticiaaqui.com.br\/news\/wp-json\/wp\/v2\/posts\/6823","targetHints":{"allow":["GET"]}}],"collection":[{"href":"https:\/\/suanoticiaaqui.com.br\/news\/wp-json\/wp\/v2\/posts"}],"about":[{"href":"https:\/\/suanoticiaaqui.com.br\/news\/wp-json\/wp\/v2\/types\/post"}],"author":[{"embeddable":true,"href":"https:\/\/suanoticiaaqui.com.br\/news\/wp-json\/wp\/v2\/users\/1"}],"replies":[{"embeddable":true,"href":"https:\/\/suanoticiaaqui.com.br\/news\/wp-json\/wp\/v2\/comments?post=6823"}],"version-history":[{"count":1,"href":"https:\/\/suanoticiaaqui.com.br\/news\/wp-json\/wp\/v2\/posts\/6823\/revisions"}],"predecessor-version":[{"id":6825,"href":"https:\/\/suanoticiaaqui.com.br\/news\/wp-json\/wp\/v2\/posts\/6823\/revisions\/6825"}],"wp:featuredmedia":[{"embeddable":true,"href":"https:\/\/suanoticiaaqui.com.br\/news\/wp-json\/wp\/v2\/media\/6824"}],"wp:attachment":[{"href":"https:\/\/suanoticiaaqui.com.br\/news\/wp-json\/wp\/v2\/media?parent=6823"}],"wp:term":[{"taxonomy":"category","embeddable":true,"href":"https:\/\/suanoticiaaqui.com.br\/news\/wp-json\/wp\/v2\/categories?post=6823"},{"taxonomy":"post_tag","embeddable":true,"href":"https:\/\/suanoticiaaqui.com.br\/news\/wp-json\/wp\/v2\/tags?post=6823"}],"curies":[{"name":"wp","href":"https:\/\/api.w.org\/{rel}","templated":true}]}}