{"id":6829,"date":"2025-07-21T15:30:39","date_gmt":"2025-07-21T19:30:39","guid":{"rendered":"https:\/\/suanoticiaaqui.com.br\/news\/?p=6829"},"modified":"2025-07-21T15:30:39","modified_gmt":"2025-07-21T19:30:39","slug":"moraes-proibe-bolsonaro-de-falar-com-191-pessoas-e-restringe-ate-redes-sociais","status":"publish","type":"post","link":"https:\/\/suanoticiaaqui.com.br\/news\/2025\/07\/21\/moraes-proibe-bolsonaro-de-falar-com-191-pessoas-e-restringe-ate-redes-sociais\/","title":{"rendered":"Moraes pro\u00edbe Bolsonaro de falar com 191 pessoas e restringe at\u00e9 redes sociais"},"content":{"rendered":"\n<p>Medidas cautelares citam risco de fuga, mas termo aparece apenas duas vezes em 45 p\u00e1ginas<\/p>\n\n\n\n<ul class=\"wp-block-list\">\n<li><a href=\"https:\/\/bradockshow.com.br\/author\/marcotoledo\/\"><\/a>por <a href=\"https:\/\/bradockshow.com.br\/author\/marcotoledo\/\">Marco Toledo<\/a><\/li>\n<\/ul>\n\n\n\n<p>O ministro Alexandre de Moraes, do STF, proibiu Jair Bolsonaro de manter contato com 191 pessoas, inclusive por terceiros, al\u00e9m de vedar qualquer comunica\u00e7\u00e3o com autoridades estrangeiras.<\/p>\n\n\n\n<p>A decis\u00e3o, que tamb\u00e9m determinou uso de tornozeleira eletr\u00f4nica e toque de recolher, foi baseada na possibilidade de fuga, termo citado apenas duas vezes no despacho de 45 p\u00e1ginas.<\/p>\n\n\n\n<p>Entre os nomes vetados est\u00e3o o filho Eduardo Bolsonaro, ex-ministros e aliados militares. A medida envolve alvos de cinco a\u00e7\u00f5es penais, um inqu\u00e9rito e uma peti\u00e7\u00e3o.<\/p>\n\n\n\n<p>Moraes ainda barrou contato com todos os 132 embaixadores sediados em Bras\u00edlia, o que compromete at\u00e9 deslocamentos m\u00e9dicos do ex-presidente.<\/p>\n\n\n\n<p>Bolsonaro tamb\u00e9m est\u00e1 proibido de usar redes sociais e poder\u00e1 ser alvo de busca pessoal caso descumpra ordens. A autoriza\u00e7\u00e3o inclui uso da for\u00e7a, arrombamento de portas e apreens\u00e3o de documentos. A defesa nega qualquer inten\u00e7\u00e3o de fuga.<\/p>\n","protected":false},"excerpt":{"rendered":"<p>Medidas cautelares citam risco de fuga, mas termo aparece apenas duas vezes em 45 p\u00e1ginas O ministro Alexandre de Moraes,&hellip;<\/p>\n","protected":false},"author":1,"featured_media":6830,"comment_status":"open","ping_status":"open","sticky":false,"template":"","format":"standard","meta":{"footnotes":""},"categories":[1],"tags":[],"class_list":["post-6829","post","type-post","status-publish","format-standard","has-post-thumbnail","hentry","category-uncategorized"],"_links":{"self":[{"href":"https:\/\/suanoticiaaqui.com.br\/news\/wp-json\/wp\/v2\/posts\/6829","targetHints":{"allow":["GET"]}}],"collection":[{"href":"https:\/\/suanoticiaaqui.com.br\/news\/wp-json\/wp\/v2\/posts"}],"about":[{"href":"https:\/\/suanoticiaaqui.com.br\/news\/wp-json\/wp\/v2\/types\/post"}],"author":[{"embeddable":true,"href":"https:\/\/suanoticiaaqui.com.br\/news\/wp-json\/wp\/v2\/users\/1"}],"replies":[{"embeddable":true,"href":"https:\/\/suanoticiaaqui.com.br\/news\/wp-json\/wp\/v2\/comments?post=6829"}],"version-history":[{"count":1,"href":"https:\/\/suanoticiaaqui.com.br\/news\/wp-json\/wp\/v2\/posts\/6829\/revisions"}],"predecessor-version":[{"id":6831,"href":"https:\/\/suanoticiaaqui.com.br\/news\/wp-json\/wp\/v2\/posts\/6829\/revisions\/6831"}],"wp:featuredmedia":[{"embeddable":true,"href":"https:\/\/suanoticiaaqui.com.br\/news\/wp-json\/wp\/v2\/media\/6830"}],"wp:attachment":[{"href":"https:\/\/suanoticiaaqui.com.br\/news\/wp-json\/wp\/v2\/media?parent=6829"}],"wp:term":[{"taxonomy":"category","embeddable":true,"href":"https:\/\/suanoticiaaqui.com.br\/news\/wp-json\/wp\/v2\/categories?post=6829"},{"taxonomy":"post_tag","embeddable":true,"href":"https:\/\/suanoticiaaqui.com.br\/news\/wp-json\/wp\/v2\/tags?post=6829"}],"curies":[{"name":"wp","href":"https:\/\/api.w.org\/{rel}","templated":true}]}}