{"id":6842,"date":"2025-07-22T17:05:38","date_gmt":"2025-07-22T21:05:38","guid":{"rendered":"https:\/\/suanoticiaaqui.com.br\/news\/?p=6842"},"modified":"2025-07-22T17:05:38","modified_gmt":"2025-07-22T21:05:38","slug":"bolsa-familia-encolhe-e-atinge-menor-patamar-desde-2022","status":"publish","type":"post","link":"https:\/\/suanoticiaaqui.com.br\/news\/2025\/07\/22\/bolsa-familia-encolhe-e-atinge-menor-patamar-desde-2022\/","title":{"rendered":"Bolsa Fam\u00edlia encolhe e atinge menor patamar desde 2022"},"content":{"rendered":"\n<p>Governo Lula justifica corte recorde de benefici\u00e1rios como reflexo de aumento de renda, mas d\u00favidas persistem<\/p>\n\n\n\n<ul class=\"wp-block-list\">\n<li><a href=\"https:\/\/bradockshow.com.br\/author\/marcotoledo\/\"><\/a>por <a href=\"https:\/\/bradockshow.com.br\/author\/marcotoledo\/\">Marco Toledo<\/a><\/li>\n<\/ul>\n\n\n\n<p>O Bolsa Fam\u00edlia registrou a maior baixa mensal da hist\u00f3ria em julho: 855 mil fam\u00edlias exclu\u00eddas. Desde que Lula assumiu, 2,3 milh\u00f5es de fam\u00edlias deixaram de receber o benef\u00edcio, que agora alcan\u00e7a 19,6 milh\u00f5es de domic\u00edlios, o menor n\u00famero desde julho de 2022, ainda na gest\u00e3o Bolsonaro.<\/p>\n\n\n\n<p>A justificativa oficial aponta &#8220;aumento de renda&#8221; e moderniza\u00e7\u00e3o no cruzamento de dados, mas especialistas questionam a queda abrupta.<\/p>\n\n\n\n<p>Segundo o Minist\u00e9rio do Desenvolvimento Social, desde 2023, 8,6 milh\u00f5es de fam\u00edlias foram retiradas do programa. A pasta cita a Regra de Prote\u00e7\u00e3o, que reduz gradualmente o valor pago a quem ultrapassa o limite de renda.<\/p>\n\n\n\n<p>Apesar da ret\u00f3rica otimista do governo, os dados mostram uma fila de espera represada e ind\u00edcios de irregularidades em cadastros, o que pode ter motivado o pente-fino.<\/p>\n\n\n\n<p>O corte tamb\u00e9m atende ao limite or\u00e7ament\u00e1rio para 2025, que caiu de R$ 168,2 bilh\u00f5es para R$ 158,6 bilh\u00f5es. Para alguns analistas, o encolhimento do programa reflete mais a conten\u00e7\u00e3o fiscal do que qualquer melhora substancial na renda das fam\u00edlias.<\/p>\n","protected":false},"excerpt":{"rendered":"<p>Governo Lula justifica corte recorde de benefici\u00e1rios como reflexo de aumento de renda, mas d\u00favidas persistem O Bolsa Fam\u00edlia registrou&hellip;<\/p>\n","protected":false},"author":1,"featured_media":6843,"comment_status":"open","ping_status":"open","sticky":false,"template":"","format":"standard","meta":{"footnotes":""},"categories":[1],"tags":[],"class_list":["post-6842","post","type-post","status-publish","format-standard","has-post-thumbnail","hentry","category-uncategorized"],"_links":{"self":[{"href":"https:\/\/suanoticiaaqui.com.br\/news\/wp-json\/wp\/v2\/posts\/6842","targetHints":{"allow":["GET"]}}],"collection":[{"href":"https:\/\/suanoticiaaqui.com.br\/news\/wp-json\/wp\/v2\/posts"}],"about":[{"href":"https:\/\/suanoticiaaqui.com.br\/news\/wp-json\/wp\/v2\/types\/post"}],"author":[{"embeddable":true,"href":"https:\/\/suanoticiaaqui.com.br\/news\/wp-json\/wp\/v2\/users\/1"}],"replies":[{"embeddable":true,"href":"https:\/\/suanoticiaaqui.com.br\/news\/wp-json\/wp\/v2\/comments?post=6842"}],"version-history":[{"count":1,"href":"https:\/\/suanoticiaaqui.com.br\/news\/wp-json\/wp\/v2\/posts\/6842\/revisions"}],"predecessor-version":[{"id":6844,"href":"https:\/\/suanoticiaaqui.com.br\/news\/wp-json\/wp\/v2\/posts\/6842\/revisions\/6844"}],"wp:featuredmedia":[{"embeddable":true,"href":"https:\/\/suanoticiaaqui.com.br\/news\/wp-json\/wp\/v2\/media\/6843"}],"wp:attachment":[{"href":"https:\/\/suanoticiaaqui.com.br\/news\/wp-json\/wp\/v2\/media?parent=6842"}],"wp:term":[{"taxonomy":"category","embeddable":true,"href":"https:\/\/suanoticiaaqui.com.br\/news\/wp-json\/wp\/v2\/categories?post=6842"},{"taxonomy":"post_tag","embeddable":true,"href":"https:\/\/suanoticiaaqui.com.br\/news\/wp-json\/wp\/v2\/tags?post=6842"}],"curies":[{"name":"wp","href":"https:\/\/api.w.org\/{rel}","templated":true}]}}