{"id":6845,"date":"2025-07-22T17:07:20","date_gmt":"2025-07-22T21:07:20","guid":{"rendered":"https:\/\/suanoticiaaqui.com.br\/news\/?p=6845"},"modified":"2025-07-22T17:07:20","modified_gmt":"2025-07-22T21:07:20","slug":"voos-comerciais-voltam-apos-convenio-colocar-bombeiros-em-aeroportopresenca-da-equipe-de-resgate-e-combate-a-incendio-no-aeroporto-de-dourados-cumpre-exigencia-da-anac","status":"publish","type":"post","link":"https:\/\/suanoticiaaqui.com.br\/news\/2025\/07\/22\/voos-comerciais-voltam-apos-convenio-colocar-bombeiros-em-aeroportopresenca-da-equipe-de-resgate-e-combate-a-incendio-no-aeroporto-de-dourados-cumpre-exigencia-da-anac\/","title":{"rendered":"Voos comerciais voltam ap\u00f3s conv\u00eanio colocar bombeiros em aeroportoPresen\u00e7a da equipe de resgate e combate a inc\u00eandio no aeroporto de Dourados cumpre exig\u00eancia da Anac"},"content":{"rendered":"\n<p>Por Helio de Freitas, de Dourados<\/p>\n\n\n\n<p>Passo importante para a retomada de voos comerciais em Dourados, maior cidade do interior de Mato Grosso do Sul, foi concretizado nesta ter\u00e7a-feira (22) com a assinatura de conv\u00eanio entre a prefeitura e o 2\u00ba Grupamento do Corpo de Bombeiros.<\/p>\n\n\n\n<p>A medida formaliza a atua\u00e7\u00e3o da corpora\u00e7\u00e3o nas atividades de salvamento, resgate e combate a inc\u00eandios no Aeroporto Regional Francisco de Matos Pereira e cumpre exig\u00eancias da Anac (Ag\u00eancia Nacional de Avia\u00e7\u00e3o Civil) e das empresas a\u00e9reas que operam com voos comerciais nos aeroportos brasileiros.<\/p>\n\n\n\n<p><br>O conv\u00eanio foi assinado pelo prefeito Mar\u00e7al Filho (PSDB), pelo comandante de Divisas e Fronteira, coronel Luidson Borges Ten\u00f3rio Noleto, e pela comandante do Corpo de Bombeiros em Dourados, a tenente-coronel Cl\u00e1udia Karoline Rodrigues Ribeiro.<\/p>\n\n\n\n<p>A presen\u00e7a dos bombeiros no interior do aeroporto \u00e9 exig\u00eancia tamb\u00e9m da Organiza\u00e7\u00e3o da Avia\u00e7\u00e3o Civil Internacional para garantir a seguran\u00e7a das opera\u00e7\u00f5es e atendimento imediato a poss\u00edveis emerg\u00eancias.<\/p>\n\n\n\n<p>Conforme a prefeitura, o conv\u00eanio representa o \u00faltimo passo t\u00e9cnico necess\u00e1rio para que o aeroporto volte a operar voos comerciais regulares, o que n\u00e3o ocorre desde maio de 2021, quando o espa\u00e7o foi fechado para reconstru\u00e7\u00e3o da pista. A obra terminou h\u00e1 um ano.<\/p>\n\n\n\n<p>Em maio deste ano, a Latam abriu a venda de passagens para tr\u00eas voos semanais entre Dourados e o Aeroporto Internacional de Guarulhos, a partir de 8 de setembro. \u201cDesde o in\u00edcio da gest\u00e3o, estamos focados em reestruturar o aeroporto e atender todos os crit\u00e9rios exigidos pelos \u00f3rg\u00e3os reguladores. Com isso, voltamos ao mapa da avia\u00e7\u00e3o comercial, o que representa desenvolvimento, empregos e novas oportunidades para a cidade\u201d, afirmou o prefeito.<\/p>\n\n\n\n<p>De acordo com o secret\u00e1rio de Servi\u00e7os Urbanos Luis Roberto Martins de Ara\u00fajo, com o conv\u00eanio assinado hoje, o aeroporto fica pronto para receber equipe da Anac para homologa\u00e7\u00e3o de opera\u00e7\u00f5es comerciais, pois os voos particulares, inclusive com aeronaves de grande porte, est\u00e3o liberados desde maio.<br>Latam &#8211; A opera\u00e7\u00e3o da Latam Linhas A\u00e9reas come\u00e7a no dia 8 de setembro, com frequ\u00eancias \u00e0s segundas, quintas e sextas-feiras. \u00c0s segundas e sextas, os voos partem de Guarulhos \u00e0s 7h45 com chegada em Dourados \u00e0s 8h40 e retorno \u00e0s 9h20, pousando em S\u00e3o Paulo \u00e0s 12h25. Nas quintas-feiras, a decolagem de Guarulhos ocorre \u00e0s 16h55 com chegada em Dourados \u00e0s 17h50 e retorno \u00e0s 18h30, com chegada em Guarulhos \u00e0s 21h35.<\/p>\n\n\n\n<p>Segundo o prefeito, h\u00e1 conversas tamb\u00e9m com outras empresas a\u00e9reas. Em maio, quando anunciou os voos da Latam, o governador Eduardo Ridel (PSDB) autorizou Mar\u00e7al Filho a oferecer \u00e0s demais companhias os mesmos incentivos fiscais garantidos \u00e0 Latam, que tamb\u00e9m ter\u00e1 voos de Bonito para S\u00e3o Paulo a partir de setembro\u2026<\/p>\n","protected":false},"excerpt":{"rendered":"<p>Por Helio de Freitas, de Dourados Passo importante para a retomada de voos comerciais em Dourados, maior cidade do interior&hellip;<\/p>\n","protected":false},"author":1,"featured_media":6846,"comment_status":"open","ping_status":"open","sticky":false,"template":"","format":"standard","meta":{"footnotes":""},"categories":[1],"tags":[],"class_list":["post-6845","post","type-post","status-publish","format-standard","has-post-thumbnail","hentry","category-uncategorized"],"_links":{"self":[{"href":"https:\/\/suanoticiaaqui.com.br\/news\/wp-json\/wp\/v2\/posts\/6845","targetHints":{"allow":["GET"]}}],"collection":[{"href":"https:\/\/suanoticiaaqui.com.br\/news\/wp-json\/wp\/v2\/posts"}],"about":[{"href":"https:\/\/suanoticiaaqui.com.br\/news\/wp-json\/wp\/v2\/types\/post"}],"author":[{"embeddable":true,"href":"https:\/\/suanoticiaaqui.com.br\/news\/wp-json\/wp\/v2\/users\/1"}],"replies":[{"embeddable":true,"href":"https:\/\/suanoticiaaqui.com.br\/news\/wp-json\/wp\/v2\/comments?post=6845"}],"version-history":[{"count":1,"href":"https:\/\/suanoticiaaqui.com.br\/news\/wp-json\/wp\/v2\/posts\/6845\/revisions"}],"predecessor-version":[{"id":6847,"href":"https:\/\/suanoticiaaqui.com.br\/news\/wp-json\/wp\/v2\/posts\/6845\/revisions\/6847"}],"wp:featuredmedia":[{"embeddable":true,"href":"https:\/\/suanoticiaaqui.com.br\/news\/wp-json\/wp\/v2\/media\/6846"}],"wp:attachment":[{"href":"https:\/\/suanoticiaaqui.com.br\/news\/wp-json\/wp\/v2\/media?parent=6845"}],"wp:term":[{"taxonomy":"category","embeddable":true,"href":"https:\/\/suanoticiaaqui.com.br\/news\/wp-json\/wp\/v2\/categories?post=6845"},{"taxonomy":"post_tag","embeddable":true,"href":"https:\/\/suanoticiaaqui.com.br\/news\/wp-json\/wp\/v2\/tags?post=6845"}],"curies":[{"name":"wp","href":"https:\/\/api.w.org\/{rel}","templated":true}]}}