{"id":6851,"date":"2025-07-22T17:09:04","date_gmt":"2025-07-22T21:09:04","guid":{"rendered":"https:\/\/suanoticiaaqui.com.br\/news\/?p=6851"},"modified":"2025-07-22T17:09:04","modified_gmt":"2025-07-22T21:09:04","slug":"orban-critica-stf-e-declara-apoio-a-bolsonaro","status":"publish","type":"post","link":"https:\/\/suanoticiaaqui.com.br\/news\/2025\/07\/22\/orban-critica-stf-e-declara-apoio-a-bolsonaro\/","title":{"rendered":"Orb\u00e1n critica STF e declara apoio a Bolsonaro"},"content":{"rendered":"\n<p>Primeiro-ministro da Hungria denuncia persegui\u00e7\u00e3o pol\u00edtica e incentiva resist\u00eancia do ex-presidente<\/p>\n\n\n\n<ul class=\"wp-block-list\">\n<li><a href=\"https:\/\/bradockshow.com.br\/author\/marcotoledo\/\"><\/a>por <a href=\"https:\/\/bradockshow.com.br\/author\/marcotoledo\/\">Marco Toledo<\/a><\/li>\n<\/ul>\n\n\n\n<p>O primeiro-ministro da Hungria, Viktor Orb\u00e1n, manifestou apoio p\u00fablico a Jair Bolsonaro nesta segunda-feira (21), por meio de suas redes sociais.<\/p>\n\n\n\n<p>Em tom cr\u00edtico, ele condenou as medidas impostas pelo ministro Alexandre de Moraes, do STF, contra o ex-presidente brasileiro, classificando-as como \u201cjulgamentos com motiva\u00e7\u00e3o pol\u00edtica\u201d.<\/p>\n\n\n\n<p>Orb\u00e1n afirmou que tais a\u00e7\u00f5es representam instrumentos de intimida\u00e7\u00e3o, n\u00e3o de Justi\u00e7a. Em sua mensagem, encorajou Bolsonaro a seguir firme: \u201cContinue lutando, @jairbolsonaro! Ordens de sil\u00eancio, proibi\u00e7\u00f5es de redes sociais e julgamentos com motiva\u00e7\u00e3o pol\u00edtica s\u00e3o ferramentas de medo, n\u00e3o de justi\u00e7a.<\/p>\n\n\n\n<p>Voc\u00ea pode colocar uma tornozeleira eletr\u00f4nica em um homem, mas n\u00e3o na vontade de uma na\u00e7\u00e3o!\u201d<\/p>\n\n\n\n<p>A declara\u00e7\u00e3o do l\u00edder h\u00fangaro repercute internacionalmente e exp\u00f5e o desconforto crescente com os abusos do Judici\u00e1rio brasileiro.<\/p>\n\n\n\n<figure class=\"wp-block-image\"><img decoding=\"async\" src=\"https:\/\/bradockshow.com.br\/content\/images\/2025\/07\/Screenshot-1-8.webp\" alt=\"\"\/><\/figure>\n","protected":false},"excerpt":{"rendered":"<p>Primeiro-ministro da Hungria denuncia persegui\u00e7\u00e3o pol\u00edtica e incentiva resist\u00eancia do ex-presidente O primeiro-ministro da Hungria, Viktor Orb\u00e1n, manifestou apoio p\u00fablico&hellip;<\/p>\n","protected":false},"author":1,"featured_media":6852,"comment_status":"open","ping_status":"open","sticky":false,"template":"","format":"standard","meta":{"footnotes":""},"categories":[1],"tags":[],"class_list":["post-6851","post","type-post","status-publish","format-standard","has-post-thumbnail","hentry","category-uncategorized"],"_links":{"self":[{"href":"https:\/\/suanoticiaaqui.com.br\/news\/wp-json\/wp\/v2\/posts\/6851","targetHints":{"allow":["GET"]}}],"collection":[{"href":"https:\/\/suanoticiaaqui.com.br\/news\/wp-json\/wp\/v2\/posts"}],"about":[{"href":"https:\/\/suanoticiaaqui.com.br\/news\/wp-json\/wp\/v2\/types\/post"}],"author":[{"embeddable":true,"href":"https:\/\/suanoticiaaqui.com.br\/news\/wp-json\/wp\/v2\/users\/1"}],"replies":[{"embeddable":true,"href":"https:\/\/suanoticiaaqui.com.br\/news\/wp-json\/wp\/v2\/comments?post=6851"}],"version-history":[{"count":1,"href":"https:\/\/suanoticiaaqui.com.br\/news\/wp-json\/wp\/v2\/posts\/6851\/revisions"}],"predecessor-version":[{"id":6853,"href":"https:\/\/suanoticiaaqui.com.br\/news\/wp-json\/wp\/v2\/posts\/6851\/revisions\/6853"}],"wp:featuredmedia":[{"embeddable":true,"href":"https:\/\/suanoticiaaqui.com.br\/news\/wp-json\/wp\/v2\/media\/6852"}],"wp:attachment":[{"href":"https:\/\/suanoticiaaqui.com.br\/news\/wp-json\/wp\/v2\/media?parent=6851"}],"wp:term":[{"taxonomy":"category","embeddable":true,"href":"https:\/\/suanoticiaaqui.com.br\/news\/wp-json\/wp\/v2\/categories?post=6851"},{"taxonomy":"post_tag","embeddable":true,"href":"https:\/\/suanoticiaaqui.com.br\/news\/wp-json\/wp\/v2\/tags?post=6851"}],"curies":[{"name":"wp","href":"https:\/\/api.w.org\/{rel}","templated":true}]}}