{"id":6857,"date":"2025-07-22T17:11:12","date_gmt":"2025-07-22T21:11:12","guid":{"rendered":"https:\/\/suanoticiaaqui.com.br\/news\/?p=6857"},"modified":"2025-07-22T17:11:12","modified_gmt":"2025-07-22T21:11:12","slug":"oposicao-mira-impeachment-de-moraes-e-anistia-no-segundo-semestre","status":"publish","type":"post","link":"https:\/\/suanoticiaaqui.com.br\/news\/2025\/07\/22\/oposicao-mira-impeachment-de-moraes-e-anistia-no-segundo-semestre\/","title":{"rendered":"Oposi\u00e7\u00e3o mira impeachment de Moraes e anistia no segundo semestre"},"content":{"rendered":"\n<p>Aliados de Bolsonaro tamb\u00e9m defendem PEC contra foro privilegiado e prop\u00f5em limitar poder do STF Perguntar ao ChatGPT<\/p>\n\n\n\n<ul class=\"wp-block-list\">\n<li><a href=\"https:\/\/bradockshow.com.br\/author\/marcotoledo\/\"><\/a>por <a href=\"https:\/\/bradockshow.com.br\/author\/marcotoledo\/\">Marco Toledo<\/a><\/li>\n<\/ul>\n\n\n\n<p>Em encontro com deputados e senadores nesta segunda-feira (21), o ex-presidente Jair Bolsonaro alinhou com a oposi\u00e7\u00e3o prioridades legislativas para o segundo semestre.<\/p>\n\n\n\n<p>As medidas incluem o impeachment de Alexandre de Moraes, a anistia aos condenados de 8 de Janeiro e o avan\u00e7o da PEC que reduz o foro privilegiado, retirando do STF o monop\u00f3lio de julgar autoridades.<\/p>\n\n\n\n<p>A proposta de impeachment visa responder aos abusos cometidos pelo ministro Moraes, acusado de agir fora dos limites constitucionais. J\u00e1 o projeto de anistia busca reparar injusti\u00e7as contra cidad\u00e3os condenados sem o devido processo legal.<\/p>\n\n\n\n<p>A PEC do foro privilegiado, aprovada no Senado em 2017 e travada na C\u00e2mara, \u00e9 vista como fundamental para frear excessos da Suprema Corte.<\/p>\n\n\n\n<p>Para fortalecer a mobiliza\u00e7\u00e3o, a oposi\u00e7\u00e3o criou tr\u00eas subcomiss\u00f5es coordenadas por parlamentares do PL, respons\u00e1veis por unificar o discurso, articular apoios e organizar manifesta\u00e7\u00f5es em defesa da liberdade e da justi\u00e7a.<\/p>\n","protected":false},"excerpt":{"rendered":"<p>Aliados de Bolsonaro tamb\u00e9m defendem PEC contra foro privilegiado e prop\u00f5em limitar poder do STF Perguntar ao ChatGPT Em encontro&hellip;<\/p>\n","protected":false},"author":1,"featured_media":6858,"comment_status":"open","ping_status":"open","sticky":false,"template":"","format":"standard","meta":{"footnotes":""},"categories":[1],"tags":[],"class_list":["post-6857","post","type-post","status-publish","format-standard","has-post-thumbnail","hentry","category-uncategorized"],"_links":{"self":[{"href":"https:\/\/suanoticiaaqui.com.br\/news\/wp-json\/wp\/v2\/posts\/6857","targetHints":{"allow":["GET"]}}],"collection":[{"href":"https:\/\/suanoticiaaqui.com.br\/news\/wp-json\/wp\/v2\/posts"}],"about":[{"href":"https:\/\/suanoticiaaqui.com.br\/news\/wp-json\/wp\/v2\/types\/post"}],"author":[{"embeddable":true,"href":"https:\/\/suanoticiaaqui.com.br\/news\/wp-json\/wp\/v2\/users\/1"}],"replies":[{"embeddable":true,"href":"https:\/\/suanoticiaaqui.com.br\/news\/wp-json\/wp\/v2\/comments?post=6857"}],"version-history":[{"count":1,"href":"https:\/\/suanoticiaaqui.com.br\/news\/wp-json\/wp\/v2\/posts\/6857\/revisions"}],"predecessor-version":[{"id":6859,"href":"https:\/\/suanoticiaaqui.com.br\/news\/wp-json\/wp\/v2\/posts\/6857\/revisions\/6859"}],"wp:featuredmedia":[{"embeddable":true,"href":"https:\/\/suanoticiaaqui.com.br\/news\/wp-json\/wp\/v2\/media\/6858"}],"wp:attachment":[{"href":"https:\/\/suanoticiaaqui.com.br\/news\/wp-json\/wp\/v2\/media?parent=6857"}],"wp:term":[{"taxonomy":"category","embeddable":true,"href":"https:\/\/suanoticiaaqui.com.br\/news\/wp-json\/wp\/v2\/categories?post=6857"},{"taxonomy":"post_tag","embeddable":true,"href":"https:\/\/suanoticiaaqui.com.br\/news\/wp-json\/wp\/v2\/tags?post=6857"}],"curies":[{"name":"wp","href":"https:\/\/api.w.org\/{rel}","templated":true}]}}