{"id":6860,"date":"2025-07-22T17:12:08","date_gmt":"2025-07-22T21:12:08","guid":{"rendered":"https:\/\/suanoticiaaqui.com.br\/news\/?p=6860"},"modified":"2025-07-22T17:12:08","modified_gmt":"2025-07-22T21:12:08","slug":"moraes-da-24-horas-para-bolsonaro-explicar-uso-de-redes-sociais","status":"publish","type":"post","link":"https:\/\/suanoticiaaqui.com.br\/news\/2025\/07\/22\/moraes-da-24-horas-para-bolsonaro-explicar-uso-de-redes-sociais\/","title":{"rendered":"Moraes d\u00e1 24 horas para Bolsonaro explicar uso de redes sociais"},"content":{"rendered":"\n<ul class=\"wp-block-list\">\n<li>\u00a0Ag\u00eancia Brasil<\/li>\n<\/ul>\n\n\n\n<p>O ministro Alexandre de Moraes, do Supremo Tribunal Federal (STF), deu prazo de 24 horas para a defesa de Jair Bolsonaro se manifestar sobre o descumprimento das medidas cautelares determinadas contra o ex-presidente.<\/p>\n\n\n\n<p>A medida foi determinada horas ap\u00f3s o ministro advertir Bolsonaro sobre a publica\u00e7\u00e3o de links de entrevistas concedidas nos \u00faltimos dias \u00e0 imprensa. Entre as medidas estabelecidas na semana passada contra o ex-presidente, figura a proibi\u00e7\u00e3o de uso das redes sociais.<\/p>\n\n\n\n<p>Na tarde desta segunda-feira (21), ap\u00f3s a advert\u00eancia do ministro, Bolsonaro exibiu a tornozeleira eletr\u00f4nica ao visitar a C\u00e2mara dos Deputados, e as imagens foram publicadas em diversos perfis nas redes sociais e na imprensa.<\/p>\n\n\n\n<p>Na sexta-feira (18), as medidas cautelares foram determinadas no inqu\u00e9rito no qual o filho do ex-presidente, o deputado federal Eduardo Bolsonaro (PL-SP), \u00e9 investigado por sua atua\u00e7\u00e3o junto ao governo do presidente dos Estados Unidos, Donald Trump, visando promover medidas de retalia\u00e7\u00e3o contra o governo brasileiro e ministros do Supremo e tentar barrar o andamento da a\u00e7\u00e3o penal sobre a trama golpista.<\/p>\n\n\n\n<p>Na decis\u00e3o, Moraes alertou que Bolsonaro pode ser preso ao descumprir as cautelares.<\/p>\n\n\n\n<p>\u201cIntimem-se os advogados regularmente constitu\u00eddos por Jair Messias Bolsonaro para, no prazo de 24 horas, prestarem esclarecimentos sobre o descumprimento das medidas cautelares impostas, sob pena de decreta\u00e7\u00e3o imediata da pris\u00e3o do r\u00e9u\u201d, decidiu o ministro.<\/p>\n\n\n\n<p><strong>Confira as medidas determinadas contra Bolsonaro<\/strong><\/p>\n\n\n\n<p>Uso de tornozeleira eletr\u00f4nica;<\/p>\n\n\n\n<p>Recolhimento domiciliar noturno entre 19h e 6h, de segunda a sexta-feira, e integral nos fins de semana e feriados;<\/p>\n\n\n\n<p>Proibi\u00e7\u00e3o de aproxima\u00e7\u00e3o e de acesso a embaixadas e consulados de pa\u00edses estrangeiros;<\/p>\n\n\n\n<p>Proibi\u00e7\u00e3o de manter contato com embaixadores ou autoridades estrangeiras;<\/p>\n\n\n\n<p>Proibi\u00e7\u00e3o de uso de redes sociais, diretamente ou por interm\u00e9dio de terceiros.<\/p>\n\n\n\n<p>Proibi\u00e7\u00e3o de manter contato com Eduardo Bolsonaro e investigados dos quatro n\u00facleos da trama golpista.<\/p>\n","protected":false},"excerpt":{"rendered":"<p>O ministro Alexandre de Moraes, do Supremo Tribunal Federal (STF), deu prazo de 24 horas para a defesa de Jair&hellip;<\/p>\n","protected":false},"author":1,"featured_media":6861,"comment_status":"open","ping_status":"open","sticky":false,"template":"","format":"standard","meta":{"footnotes":""},"categories":[1],"tags":[],"class_list":["post-6860","post","type-post","status-publish","format-standard","has-post-thumbnail","hentry","category-uncategorized"],"_links":{"self":[{"href":"https:\/\/suanoticiaaqui.com.br\/news\/wp-json\/wp\/v2\/posts\/6860","targetHints":{"allow":["GET"]}}],"collection":[{"href":"https:\/\/suanoticiaaqui.com.br\/news\/wp-json\/wp\/v2\/posts"}],"about":[{"href":"https:\/\/suanoticiaaqui.com.br\/news\/wp-json\/wp\/v2\/types\/post"}],"author":[{"embeddable":true,"href":"https:\/\/suanoticiaaqui.com.br\/news\/wp-json\/wp\/v2\/users\/1"}],"replies":[{"embeddable":true,"href":"https:\/\/suanoticiaaqui.com.br\/news\/wp-json\/wp\/v2\/comments?post=6860"}],"version-history":[{"count":1,"href":"https:\/\/suanoticiaaqui.com.br\/news\/wp-json\/wp\/v2\/posts\/6860\/revisions"}],"predecessor-version":[{"id":6862,"href":"https:\/\/suanoticiaaqui.com.br\/news\/wp-json\/wp\/v2\/posts\/6860\/revisions\/6862"}],"wp:featuredmedia":[{"embeddable":true,"href":"https:\/\/suanoticiaaqui.com.br\/news\/wp-json\/wp\/v2\/media\/6861"}],"wp:attachment":[{"href":"https:\/\/suanoticiaaqui.com.br\/news\/wp-json\/wp\/v2\/media?parent=6860"}],"wp:term":[{"taxonomy":"category","embeddable":true,"href":"https:\/\/suanoticiaaqui.com.br\/news\/wp-json\/wp\/v2\/categories?post=6860"},{"taxonomy":"post_tag","embeddable":true,"href":"https:\/\/suanoticiaaqui.com.br\/news\/wp-json\/wp\/v2\/tags?post=6860"}],"curies":[{"name":"wp","href":"https:\/\/api.w.org\/{rel}","templated":true}]}}