{"id":6863,"date":"2025-07-22T17:13:24","date_gmt":"2025-07-22T21:13:24","guid":{"rendered":"https:\/\/suanoticiaaqui.com.br\/news\/?p=6863"},"modified":"2025-07-22T17:13:24","modified_gmt":"2025-07-22T21:13:24","slug":"bebe-morreu-por-asfixia-enquanto-era-estuprada-pelo-pai-revela-laudo","status":"publish","type":"post","link":"https:\/\/suanoticiaaqui.com.br\/news\/2025\/07\/22\/bebe-morreu-por-asfixia-enquanto-era-estuprada-pelo-pai-revela-laudo\/","title":{"rendered":"Beb\u00ea morreu por asfixia enquanto era estuprada pelo pai, revela laudo"},"content":{"rendered":"\n<ul class=\"wp-block-list\">\n<li>por Luiz Guilherme<\/li>\n<\/ul>\n\n\n\n<p>A beb\u00ea de um ano e nove meses, estuprada pelo pr\u00f3prio pai no dia 9 de julho, em Camapu\u00e3, morreu asfixiada, segundo revelou o laudo necrosc\u00f3pico e a reportagem do Campo Grande News.<\/p>\n\n\n\n<p>O pai, que confessou ser autor do crime, foi indiciado por estupro com resultado morte e a m\u00e3e da crian\u00e7a por maus-tratos.<\/p>\n\n\n\n<p>Conforme noticiado na \u00e9poca, a crian\u00e7a havia recebido alta hospitalar no dia 8 de julho, ap\u00f3s tratar uma infec\u00e7\u00e3o na traqueostomia (com larvas e piolhos) e pneumonia em Campo Grande. Na noite da alta, a m\u00e3e retornou para Camapu\u00e3 e dormiu com o pai da crian\u00e7a, que a estuprou.<\/p>\n\n\n\n<p>A mulher relatou \u00e0 pol\u00edcia que a menina brincou no dia seguinte, mas depois passou mal. A crian\u00e7a j\u00e1 chegou sem vida \u00e0 unidade de sa\u00fade de Camapu\u00e3, onde a equipe m\u00e9dica percebeu ferimentos nas partes \u00edntimas e acionou a pol\u00edcia.<\/p>\n\n\n\n<p>O delegado Matheus Alves Vital, \u00e0 frente da investiga\u00e7\u00e3o, informou que o laudo sexol\u00f3gico confirmou o abuso, enquanto o m\u00e9dico legista determinou que a causa da morte foi asfixia mec\u00e2nica por sufoca\u00e7\u00e3o direta, o que significa que a passagem de ar pela traqueostomia da crian\u00e7a foi obstru\u00edda.<\/p>\n\n\n\n<p>Depois desse caso monstruoso, o irm\u00e3o da v\u00edtima, de dois anos, foi afastado do conv\u00edvio familiar, por determina\u00e7\u00e3o da Justi\u00e7a. Al\u00e9m disso, foram impostas medidas protetivas contra os pais. Desde ent\u00e3o, o menino est\u00e1 sob acolhimento provis\u00f3rio por meio do Programa Fam\u00edlia Acolhedora de Camapu\u00e3.<\/p>\n\n\n\n<p>A 2\u00aa Vara de Justi\u00e7a da cidade determinou que o menino receba acompanhamento psicol\u00f3gico pela rede p\u00fablica de sa\u00fade para suporte emocional.<\/p>\n\n\n\n<p>Conforme o Campo Grande News, a fam\u00edlia j\u00e1 era acompanhada pela Assist\u00eancia Social desde janeiro de 2024, mas o alerta de neglig\u00eancia em rela\u00e7\u00e3o \u00e0 beb\u00ea chegou ao Conselho Tutelar apenas dois dias antes de sua morte, sem tempo h\u00e1bil para interven\u00e7\u00e3o.<\/p>\n\n\n\n<p>O pai da crian\u00e7a, que j\u00e1 estava preso desde a morte da filha, foi indiciado pelo crime hediondo de estupro com resultado morte. Ele havia confessado o crime anteriormente, alegando n\u00e3o ter \u201csegurado os impulsos sexuais\u201d. A m\u00e3e, que foi levada ao Batalh\u00e3o da PM (Pol\u00edcia Militar) ap\u00f3s a como\u00e7\u00e3o popular e segue em liberdade, agora responder\u00e1 por maus-tratos.<\/p>\n\n\n\n<p>Com o inqu\u00e9rito conclu\u00eddo e os pais indiciados, o caso agora segue para o Minist\u00e9rio P\u00fablico, que decidir\u00e1 sobre a den\u00fancia formal \u00e0 Justi\u00e7a.<\/p>\n","protected":false},"excerpt":{"rendered":"<p>A beb\u00ea de um ano e nove meses, estuprada pelo pr\u00f3prio pai no dia 9 de julho, em Camapu\u00e3, morreu&hellip;<\/p>\n","protected":false},"author":1,"featured_media":6864,"comment_status":"open","ping_status":"open","sticky":false,"template":"","format":"standard","meta":{"footnotes":""},"categories":[1],"tags":[],"class_list":["post-6863","post","type-post","status-publish","format-standard","has-post-thumbnail","hentry","category-uncategorized"],"_links":{"self":[{"href":"https:\/\/suanoticiaaqui.com.br\/news\/wp-json\/wp\/v2\/posts\/6863","targetHints":{"allow":["GET"]}}],"collection":[{"href":"https:\/\/suanoticiaaqui.com.br\/news\/wp-json\/wp\/v2\/posts"}],"about":[{"href":"https:\/\/suanoticiaaqui.com.br\/news\/wp-json\/wp\/v2\/types\/post"}],"author":[{"embeddable":true,"href":"https:\/\/suanoticiaaqui.com.br\/news\/wp-json\/wp\/v2\/users\/1"}],"replies":[{"embeddable":true,"href":"https:\/\/suanoticiaaqui.com.br\/news\/wp-json\/wp\/v2\/comments?post=6863"}],"version-history":[{"count":1,"href":"https:\/\/suanoticiaaqui.com.br\/news\/wp-json\/wp\/v2\/posts\/6863\/revisions"}],"predecessor-version":[{"id":6865,"href":"https:\/\/suanoticiaaqui.com.br\/news\/wp-json\/wp\/v2\/posts\/6863\/revisions\/6865"}],"wp:featuredmedia":[{"embeddable":true,"href":"https:\/\/suanoticiaaqui.com.br\/news\/wp-json\/wp\/v2\/media\/6864"}],"wp:attachment":[{"href":"https:\/\/suanoticiaaqui.com.br\/news\/wp-json\/wp\/v2\/media?parent=6863"}],"wp:term":[{"taxonomy":"category","embeddable":true,"href":"https:\/\/suanoticiaaqui.com.br\/news\/wp-json\/wp\/v2\/categories?post=6863"},{"taxonomy":"post_tag","embeddable":true,"href":"https:\/\/suanoticiaaqui.com.br\/news\/wp-json\/wp\/v2\/tags?post=6863"}],"curies":[{"name":"wp","href":"https:\/\/api.w.org\/{rel}","templated":true}]}}