{"id":6866,"date":"2025-07-22T17:14:24","date_gmt":"2025-07-22T21:14:24","guid":{"rendered":"https:\/\/suanoticiaaqui.com.br\/news\/?p=6866"},"modified":"2025-07-22T17:14:24","modified_gmt":"2025-07-22T21:14:24","slug":"mecanico-e-preso-com-fuzil-pistola-e-revolveres-apos-investigacao-do-sig-e-pmr","status":"publish","type":"post","link":"https:\/\/suanoticiaaqui.com.br\/news\/2025\/07\/22\/mecanico-e-preso-com-fuzil-pistola-e-revolveres-apos-investigacao-do-sig-e-pmr\/","title":{"rendered":"Mec\u00e2nico \u00e9 preso com fuzil, pistola e rev\u00f3lveres ap\u00f3s investiga\u00e7\u00e3o do SIG e PMR"},"content":{"rendered":"\n<ul class=\"wp-block-list\">\n<li>\u00a0por Luiz Guilherme e Sidnei Bronka<\/li>\n<\/ul>\n\n\n\n<p>Trabalho conjunto entre o SIG (Setor de Investiga\u00e7\u00f5es Gerais) e a PMR (Pol\u00edcia Militar Rodovi\u00e1ria) resultou na apreens\u00e3o de armas de grosso calibre e na pris\u00e3o de um mec\u00e2nico de 38 anos, morador em Dourados, nesta ter\u00e7a-feira (22\/7).<\/p>\n\n\n\n<p>A a\u00e7\u00e3o ocorreu ap\u00f3s relatos de disparos de arma de fogo, registrados na sexta-feira (18\/7), na estrada que liga o munic\u00edpio ao distrito de Itahum.<\/p>\n\n\n\n<p>Segundo o delegado Lucas Veppo, respons\u00e1vel pelo Setor de Investiga\u00e7\u00f5es Gerais, as equipes estavam em dilig\u00eancias desde o come\u00e7o do dia quando receberam a informa\u00e7\u00e3o sobre um poss\u00edvel envolvido no caso. Com apoio da Pol\u00edcia Militar Rodovi\u00e1ria, o indiv\u00edduo foi abordado em um ve\u00edculo, na regi\u00e3o pr\u00f3xima ao posto da Pol\u00edcia Rodovi\u00e1ria, j\u00e1 na estrada que leva ao distrito.<\/p>\n\n\n\n<p>No carro, os policiais encontraram um fuzil e uma pistola nove mil\u00edmetros, transportados de forma irregular. Os investigadores seguiram at\u00e9 a resid\u00eancia do homem, no centro de Dourados, onde l\u00e1, encontraram mais duas armas: um rev\u00f3lver calibre 28 com numera\u00e7\u00e3o raspada e um rev\u00f3lver calibre 22, sem registro.<\/p>\n\n\n\n<p>O homem trabalha como mec\u00e2nico agr\u00edcola e, segundo a pol\u00edcia, ainda n\u00e3o tem antecedentes conhecidos por esse tipo de crime. Ele foi levado \u00e0 delegacia, onde foi autuado em flagrante.<\/p>\n\n\n\n<p>\u201cAinda \u00e9 cedo para afirmar o que de fato motivou os disparos. Estamos ouvindo testemunhas, cruzando informa\u00e7\u00f5es e analisando se essas armas foram usadas em algum outro crime. Tudo ser\u00e1 esclarecido com o avan\u00e7o da investiga\u00e7\u00e3o\u201d, afirmou o delgado Lucas Veppo.<\/p>\n\n\n\n<p>Das quatro armas apreendidas, pelo menos duas \u2014 a pistola e a carabina \u2014 t\u00eam registro. As outras estavam em situa\u00e7\u00e3o irregular. A pol\u00edcia tamb\u00e9m apura a origem do armamento e se o mec\u00e2nico teria liga\u00e7\u00e3o com o com\u00e9rcio ilegal de armas ou com outras atividades criminosas.<\/p>\n","protected":false},"excerpt":{"rendered":"<p>Trabalho conjunto entre o SIG (Setor de Investiga\u00e7\u00f5es Gerais) e a PMR (Pol\u00edcia Militar Rodovi\u00e1ria) resultou na apreens\u00e3o de armas&hellip;<\/p>\n","protected":false},"author":1,"featured_media":6867,"comment_status":"open","ping_status":"open","sticky":false,"template":"","format":"standard","meta":{"footnotes":""},"categories":[1],"tags":[],"class_list":["post-6866","post","type-post","status-publish","format-standard","has-post-thumbnail","hentry","category-uncategorized"],"_links":{"self":[{"href":"https:\/\/suanoticiaaqui.com.br\/news\/wp-json\/wp\/v2\/posts\/6866","targetHints":{"allow":["GET"]}}],"collection":[{"href":"https:\/\/suanoticiaaqui.com.br\/news\/wp-json\/wp\/v2\/posts"}],"about":[{"href":"https:\/\/suanoticiaaqui.com.br\/news\/wp-json\/wp\/v2\/types\/post"}],"author":[{"embeddable":true,"href":"https:\/\/suanoticiaaqui.com.br\/news\/wp-json\/wp\/v2\/users\/1"}],"replies":[{"embeddable":true,"href":"https:\/\/suanoticiaaqui.com.br\/news\/wp-json\/wp\/v2\/comments?post=6866"}],"version-history":[{"count":1,"href":"https:\/\/suanoticiaaqui.com.br\/news\/wp-json\/wp\/v2\/posts\/6866\/revisions"}],"predecessor-version":[{"id":6868,"href":"https:\/\/suanoticiaaqui.com.br\/news\/wp-json\/wp\/v2\/posts\/6866\/revisions\/6868"}],"wp:featuredmedia":[{"embeddable":true,"href":"https:\/\/suanoticiaaqui.com.br\/news\/wp-json\/wp\/v2\/media\/6867"}],"wp:attachment":[{"href":"https:\/\/suanoticiaaqui.com.br\/news\/wp-json\/wp\/v2\/media?parent=6866"}],"wp:term":[{"taxonomy":"category","embeddable":true,"href":"https:\/\/suanoticiaaqui.com.br\/news\/wp-json\/wp\/v2\/categories?post=6866"},{"taxonomy":"post_tag","embeddable":true,"href":"https:\/\/suanoticiaaqui.com.br\/news\/wp-json\/wp\/v2\/tags?post=6866"}],"curies":[{"name":"wp","href":"https:\/\/api.w.org\/{rel}","templated":true}]}}