{"id":6872,"date":"2025-07-22T17:16:42","date_gmt":"2025-07-22T21:16:42","guid":{"rendered":"https:\/\/suanoticiaaqui.com.br\/news\/?p=6872"},"modified":"2025-07-22T17:16:42","modified_gmt":"2025-07-22T21:16:42","slug":"fux-contesta-medidas-contra-bolsonaro-e-defende-liberdade-de-expressao","status":"publish","type":"post","link":"https:\/\/suanoticiaaqui.com.br\/news\/2025\/07\/22\/fux-contesta-medidas-contra-bolsonaro-e-defende-liberdade-de-expressao\/","title":{"rendered":"Fux contesta medidas contra Bolsonaro e defende liberdade de express\u00e3o"},"content":{"rendered":"\n<p>Ministro do STF afirma que n\u00e3o h\u00e1 provas de risco de fuga e critica tornozeleira eletr\u00f4nica<\/p>\n\n\n\n<ul class=\"wp-block-list\">\n<li><a href=\"https:\/\/bradockshow.com.br\/author\/marcotoledo\/\"><\/a>por <a href=\"https:\/\/bradockshow.com.br\/author\/marcotoledo\/\">Marco Toledo<\/a><\/li>\n<\/ul>\n\n\n\n<p>O ministro Luiz Fux, do Supremo Tribunal Federal, votou contra as medidas cautelares impostas ao ex-presidente Jair Bolsonaro, como o uso de tornozeleira eletr\u00f4nica.<\/p>\n\n\n\n<p>Fux divergiu da maioria formada na 1\u00aa Turma do STF e sustentou que n\u00e3o h\u00e1 provas concretas de qualquer plano de fuga. Ele destacou que Bolsonaro tem domic\u00edlio certo, passaporte retido e que n\u00e3o houve apresenta\u00e7\u00e3o de novos elementos pela Pol\u00edcia Federal ou pela Procuradoria-Geral da Rep\u00fablica.<\/p>\n\n\n\n<p>Segundo Fux, a imposi\u00e7\u00e3o de restri\u00e7\u00f5es como a proibi\u00e7\u00e3o do uso de redes sociais confronta garantias constitucionais, como a liberdade de express\u00e3o e o direito de ir e vir. Para ele, n\u00e3o se demonstrou \u201ccontempor\u00e2nea, concreta e individualizadamente\u201d a necessidade das cautelares.<\/p>\n\n\n\n<p>O ministro ainda afirmou que o STF deve manter sua independ\u00eancia diante de press\u00f5es externas, e que temas diplom\u00e1ticos devem ser tratados pelos canais pr\u00f3prios.<\/p>\n","protected":false},"excerpt":{"rendered":"<p>Ministro do STF afirma que n\u00e3o h\u00e1 provas de risco de fuga e critica tornozeleira eletr\u00f4nica O ministro Luiz Fux,&hellip;<\/p>\n","protected":false},"author":1,"featured_media":6873,"comment_status":"open","ping_status":"open","sticky":false,"template":"","format":"standard","meta":{"footnotes":""},"categories":[1],"tags":[],"class_list":["post-6872","post","type-post","status-publish","format-standard","has-post-thumbnail","hentry","category-uncategorized"],"_links":{"self":[{"href":"https:\/\/suanoticiaaqui.com.br\/news\/wp-json\/wp\/v2\/posts\/6872","targetHints":{"allow":["GET"]}}],"collection":[{"href":"https:\/\/suanoticiaaqui.com.br\/news\/wp-json\/wp\/v2\/posts"}],"about":[{"href":"https:\/\/suanoticiaaqui.com.br\/news\/wp-json\/wp\/v2\/types\/post"}],"author":[{"embeddable":true,"href":"https:\/\/suanoticiaaqui.com.br\/news\/wp-json\/wp\/v2\/users\/1"}],"replies":[{"embeddable":true,"href":"https:\/\/suanoticiaaqui.com.br\/news\/wp-json\/wp\/v2\/comments?post=6872"}],"version-history":[{"count":1,"href":"https:\/\/suanoticiaaqui.com.br\/news\/wp-json\/wp\/v2\/posts\/6872\/revisions"}],"predecessor-version":[{"id":6874,"href":"https:\/\/suanoticiaaqui.com.br\/news\/wp-json\/wp\/v2\/posts\/6872\/revisions\/6874"}],"wp:featuredmedia":[{"embeddable":true,"href":"https:\/\/suanoticiaaqui.com.br\/news\/wp-json\/wp\/v2\/media\/6873"}],"wp:attachment":[{"href":"https:\/\/suanoticiaaqui.com.br\/news\/wp-json\/wp\/v2\/media?parent=6872"}],"wp:term":[{"taxonomy":"category","embeddable":true,"href":"https:\/\/suanoticiaaqui.com.br\/news\/wp-json\/wp\/v2\/categories?post=6872"},{"taxonomy":"post_tag","embeddable":true,"href":"https:\/\/suanoticiaaqui.com.br\/news\/wp-json\/wp\/v2\/tags?post=6872"}],"curies":[{"name":"wp","href":"https:\/\/api.w.org\/{rel}","templated":true}]}}