{"id":6880,"date":"2025-07-24T16:39:09","date_gmt":"2025-07-24T20:39:09","guid":{"rendered":"https:\/\/suanoticiaaqui.com.br\/news\/?p=6880"},"modified":"2025-07-24T16:39:09","modified_gmt":"2025-07-24T20:39:09","slug":"prefeitura-entrega-novos-equipamentos-e-transforma-posto-de-saude-de-itahum","status":"publish","type":"post","link":"https:\/\/suanoticiaaqui.com.br\/news\/2025\/07\/24\/prefeitura-entrega-novos-equipamentos-e-transforma-posto-de-saude-de-itahum\/","title":{"rendered":"Prefeitura entrega novos equipamentos e transforma posto de sa\u00fade de Itahum"},"content":{"rendered":"\n<ul class=\"wp-block-list\">\n<li>\u00a0por Ligado na Noticia<\/li>\n<\/ul>\n\n\n\n<p>Depois de v\u00e1rios anos sem receber nenhuma melhoria por parte do poder p\u00fablico municipal, a Unidade B\u00e1sica de Sa\u00fade (UBS) do distrito de Itahum recebeu na manh\u00e3 desta quarta-feira (23) v\u00e1rios equipamentos e mob\u00edlias que ir\u00e3o melhorar significativamente as condi\u00e7\u00f5es de trabalho dos servidores e o atendimento prestado \u00e0 popula\u00e7\u00e3o. A moderniza\u00e7\u00e3o das unidades de sa\u00fade \u00e9 uma das prioridades eleitas pela atual administra\u00e7\u00e3o como forma de melhorar a recep\u00e7\u00e3o aos pacientes, acompanhantes e trabalhadores e diversas UBS j\u00e1 receberam as melhorias.<\/p>\n\n\n\n<p>O prefeito Mar\u00e7al Filho fez a entrega dos itens e destacou a import\u00e2ncia do distrito de Itahum, o mais distante da sede do munic\u00edpio. \u201cS\u00e3o mais de 60 quil\u00f4metros, mas n\u00e3o importa a dist\u00e2ncia, n\u00e3o importa o n\u00famero de moradores, todos que moram em Itahum s\u00e3o douradenses e onde tem um douradense n\u00f3s estamos trabalhando, porque todos merecem!\u201d, falou o prefeito na chegada \u00e0 unidade de sa\u00fade, onde foi recebido pelos servidores e moradores da localidade.<\/p>\n\n\n\n<p>A UBS de Itahum, unidade de atendimento prim\u00e1rio, recebeu do munic\u00edpio v\u00e1rios equipamentos que ir\u00e3o melhorar a presta\u00e7\u00e3o de servi\u00e7o da odontologia, como moderna cadeira odontol\u00f3gica, cadeira para dentista, equipo com bra\u00e7o mec\u00e2nico, cuspideira, refletor, fotopolimerizador, autoclave (esterilizador) e compressor. \u201cA partir de agora os moradores v\u00e3o poder contar com servi\u00e7os odontol\u00f3gicos ainda melhores, contribuindo para a sa\u00fade bucal de toda popula\u00e7\u00e3o\u201d, ressaltou o prefeito.<\/p>\n\n\n\n<p>Tamb\u00e9m foram entregues um bebedouro inox de 2 torneiras, m\u00e1quina de lavar roupas com capacidade para at\u00e9 14 quilos, lavadora de alta press\u00e3o, ventiladores de parede, aparelho de televisor 43 polegadas para entreter os usu\u00e1rios enquanto esperam atendimento e cinco conjuntos de longarinas em a\u00e7o, de tr\u00eas e dois lugares, garantindo o conforto dos usu\u00e1rios da unidade. \u201cH\u00e1 muito tempo este posto de sa\u00fade precisa de uma s\u00e9rie de equipamentos que nunca colocaram aqui\u201d, enfatizou Mar\u00e7al Filho. \u201cE n\u00f3s estamos trazendo, melhorando a vida dos pacientes e dos servidores\u201d, comemorou o prefeito.<\/p>\n\n\n\n<p>A coordenadora da unidade, Idelir de F\u00e1tima Charava, ressaltou que a chegada dos novos equipamentos representa um ganho para os moradores de Itahum. \u201cCom certeza, \u00e9 uma melhoria e toda a popula\u00e7\u00e3o ganha, inclusive a equipe que trabalha aqui, devido \u00e0 nossa dist\u00e2ncia\u201d, mencionou, ressaltando que h\u00e1 muito tempo a unidade n\u00e3o recebia melhoria alguma da Prefeitura de Dourados.<\/p>\n\n\n\n<p>A UBS de Itahum, segundo a coordenadora, atende em m\u00e9dia mil pessoas ao m\u00eas, com dentista, m\u00e9dico e enfermeiros. \u201cE com a equipe um pouco mudada, melhorou muito o acolhimento dos pacientes\u201d, enfatizou. \u201cAgora est\u00e1 excelente, n\u00e3o temos mais fila, n\u00e3o temos demanda exaustiva de pacientes, ent\u00e3o \u00e9 um ganho\u201d, contou. \u201cS\u00f3 temos a agradecer \u00e0 atual gest\u00e3o\u201d, concluiu.<\/p>\n\n\n\n<p>Os vereadores Rog\u00e9rio Yuri (PSDB) e Inspetor Cabral (PSD) tamb\u00e9m acompanharam a entrega dos novos equipamentos \u00e0 unidade de sa\u00fade de Itahum e destacaram a aten\u00e7\u00e3o que a gest\u00e3o do prefeito Mar\u00e7al Filho vem dedicando \u00e0 popula\u00e7\u00e3o, em todas as \u00e1reas da administra\u00e7\u00e3o, seja nos bairros ou nos distritos.<\/p>\n","protected":false},"excerpt":{"rendered":"<p>Depois de v\u00e1rios anos sem receber nenhuma melhoria por parte do poder p\u00fablico municipal, a Unidade B\u00e1sica de Sa\u00fade (UBS)&hellip;<\/p>\n","protected":false},"author":1,"featured_media":6881,"comment_status":"open","ping_status":"open","sticky":false,"template":"","format":"standard","meta":{"footnotes":""},"categories":[1],"tags":[],"class_list":["post-6880","post","type-post","status-publish","format-standard","has-post-thumbnail","hentry","category-uncategorized"],"_links":{"self":[{"href":"https:\/\/suanoticiaaqui.com.br\/news\/wp-json\/wp\/v2\/posts\/6880","targetHints":{"allow":["GET"]}}],"collection":[{"href":"https:\/\/suanoticiaaqui.com.br\/news\/wp-json\/wp\/v2\/posts"}],"about":[{"href":"https:\/\/suanoticiaaqui.com.br\/news\/wp-json\/wp\/v2\/types\/post"}],"author":[{"embeddable":true,"href":"https:\/\/suanoticiaaqui.com.br\/news\/wp-json\/wp\/v2\/users\/1"}],"replies":[{"embeddable":true,"href":"https:\/\/suanoticiaaqui.com.br\/news\/wp-json\/wp\/v2\/comments?post=6880"}],"version-history":[{"count":1,"href":"https:\/\/suanoticiaaqui.com.br\/news\/wp-json\/wp\/v2\/posts\/6880\/revisions"}],"predecessor-version":[{"id":6882,"href":"https:\/\/suanoticiaaqui.com.br\/news\/wp-json\/wp\/v2\/posts\/6880\/revisions\/6882"}],"wp:featuredmedia":[{"embeddable":true,"href":"https:\/\/suanoticiaaqui.com.br\/news\/wp-json\/wp\/v2\/media\/6881"}],"wp:attachment":[{"href":"https:\/\/suanoticiaaqui.com.br\/news\/wp-json\/wp\/v2\/media?parent=6880"}],"wp:term":[{"taxonomy":"category","embeddable":true,"href":"https:\/\/suanoticiaaqui.com.br\/news\/wp-json\/wp\/v2\/categories?post=6880"},{"taxonomy":"post_tag","embeddable":true,"href":"https:\/\/suanoticiaaqui.com.br\/news\/wp-json\/wp\/v2\/tags?post=6880"}],"curies":[{"name":"wp","href":"https:\/\/api.w.org\/{rel}","templated":true}]}}