{"id":6883,"date":"2025-07-24T16:44:02","date_gmt":"2025-07-24T20:44:02","guid":{"rendered":"https:\/\/suanoticiaaqui.com.br\/news\/?p=6883"},"modified":"2025-07-24T16:44:02","modified_gmt":"2025-07-24T20:44:02","slug":"ozzy-osbourne-morre-aos-76-anos-apos-batalha-contra-o-parkinson","status":"publish","type":"post","link":"https:\/\/suanoticiaaqui.com.br\/news\/2025\/07\/24\/ozzy-osbourne-morre-aos-76-anos-apos-batalha-contra-o-parkinson\/","title":{"rendered":"Ozzy Osbourne morre aos 76 anos ap\u00f3s batalha contra o Parkinson"},"content":{"rendered":"\n<p>\u00cdcone do heavy metal falece duas semanas ap\u00f3s show hist\u00f3rico de despedida em Birmingham<\/p>\n\n\n\n<ul class=\"wp-block-list\">\n<li><a href=\"https:\/\/bradockshow.com.br\/author\/marcotoledo\/\"><\/a>por <a href=\"https:\/\/bradockshow.com.br\/author\/marcotoledo\/\">Marco Toledo<\/a><\/li>\n<\/ul>\n\n\n\n<p>Morreu nesta ter\u00e7a-feira (22), aos 76 anos, o cantor Ozzy Osbourne, lenda do heavy metal e vocalista do Black Sabbath.<\/p>\n\n\n\n<p>A fam\u00edlia confirmou a morte com a frase: \u201cEstava com a fam\u00edlia e rodeado de amor\u201d. Diagnosticado com Parkinson em 2019, Osbourne enfrentava s\u00e9rias limita\u00e7\u00f5es f\u00edsicas nos \u00faltimos meses, j\u00e1 n\u00e3o conseguindo mais andar.<\/p>\n\n\n\n<p>Sua despedida aconteceu h\u00e1 pouco mais de duas semanas em Birmingham, num megashow beneficente que arrecadou 200 milh\u00f5es de d\u00f3lares, revertidos a hospitais e pesquisas sobre Parkinson.<\/p>\n\n\n\n<p>O evento contou com nomes como Metallica, Slayer e os membros originais do Sabbath. Apelidado de \u201cPr\u00edncipe das Trevas\u201d, Ozzy fundou o Black Sabbath em 1968, foi demitido em 1979 por abuso de subst\u00e2ncias e lan\u00e7ou 13 discos solo, superando 100 milh\u00f5es de \u00e1lbuns vendidos.<\/p>\n\n\n\n<p>Al\u00e9m da m\u00fasica, estrelou o reality &#8220;The Osbournes&#8221;, com a esposa Sharon e os filhos. Deixa seis filhos, entre eles Aimee, Kelly e Jack.<\/p>\n","protected":false},"excerpt":{"rendered":"<p>\u00cdcone do heavy metal falece duas semanas ap\u00f3s show hist\u00f3rico de despedida em Birmingham Morreu nesta ter\u00e7a-feira (22), aos 76&hellip;<\/p>\n","protected":false},"author":1,"featured_media":6884,"comment_status":"open","ping_status":"open","sticky":false,"template":"","format":"standard","meta":{"footnotes":""},"categories":[1],"tags":[],"class_list":["post-6883","post","type-post","status-publish","format-standard","has-post-thumbnail","hentry","category-uncategorized"],"_links":{"self":[{"href":"https:\/\/suanoticiaaqui.com.br\/news\/wp-json\/wp\/v2\/posts\/6883","targetHints":{"allow":["GET"]}}],"collection":[{"href":"https:\/\/suanoticiaaqui.com.br\/news\/wp-json\/wp\/v2\/posts"}],"about":[{"href":"https:\/\/suanoticiaaqui.com.br\/news\/wp-json\/wp\/v2\/types\/post"}],"author":[{"embeddable":true,"href":"https:\/\/suanoticiaaqui.com.br\/news\/wp-json\/wp\/v2\/users\/1"}],"replies":[{"embeddable":true,"href":"https:\/\/suanoticiaaqui.com.br\/news\/wp-json\/wp\/v2\/comments?post=6883"}],"version-history":[{"count":1,"href":"https:\/\/suanoticiaaqui.com.br\/news\/wp-json\/wp\/v2\/posts\/6883\/revisions"}],"predecessor-version":[{"id":6885,"href":"https:\/\/suanoticiaaqui.com.br\/news\/wp-json\/wp\/v2\/posts\/6883\/revisions\/6885"}],"wp:featuredmedia":[{"embeddable":true,"href":"https:\/\/suanoticiaaqui.com.br\/news\/wp-json\/wp\/v2\/media\/6884"}],"wp:attachment":[{"href":"https:\/\/suanoticiaaqui.com.br\/news\/wp-json\/wp\/v2\/media?parent=6883"}],"wp:term":[{"taxonomy":"category","embeddable":true,"href":"https:\/\/suanoticiaaqui.com.br\/news\/wp-json\/wp\/v2\/categories?post=6883"},{"taxonomy":"post_tag","embeddable":true,"href":"https:\/\/suanoticiaaqui.com.br\/news\/wp-json\/wp\/v2\/tags?post=6883"}],"curies":[{"name":"wp","href":"https:\/\/api.w.org\/{rel}","templated":true}]}}