{"id":6886,"date":"2025-07-24T16:44:57","date_gmt":"2025-07-24T20:44:57","guid":{"rendered":"https:\/\/suanoticiaaqui.com.br\/news\/?p=6886"},"modified":"2025-07-24T16:44:57","modified_gmt":"2025-07-24T20:44:57","slug":"sostenes-acusa-moraes-de-psicopata-institucional-apos-decisao-sobre-bolsonaro","status":"publish","type":"post","link":"https:\/\/suanoticiaaqui.com.br\/news\/2025\/07\/24\/sostenes-acusa-moraes-de-psicopata-institucional-apos-decisao-sobre-bolsonaro\/","title":{"rendered":"S\u00f3stenes acusa Moraes de &#8220;psicopata institucional&#8221; ap\u00f3s decis\u00e3o sobre Bolsonaro"},"content":{"rendered":"\n<p>Ministro do STF descarta pris\u00e3o preventiva, mas alerta: \u201cJusti\u00e7a n\u00e3o \u00e9 tola\u201d<\/p>\n\n\n\n<ul class=\"wp-block-list\">\n<li><a href=\"https:\/\/bradockshow.com.br\/author\/marcotoledo\/\"><\/a>por <a href=\"https:\/\/bradockshow.com.br\/author\/marcotoledo\/\">Marco Toledo<\/a><\/li>\n<\/ul>\n\n\n\n<p>O l\u00edder do PL na C\u00e2mara, S\u00f3stenes Cavalcante (RJ), criticou duramente o ministro Alexandre de Moraes, do STF, ap\u00f3s este descartar, por enquanto, a pris\u00e3o preventiva do ex-presidente Jair Bolsonaro por suposto descumprimento de medida cautelar.<\/p>\n\n\n\n<p>S\u00f3stenes classificou Moraes como \u201cpsicopata institucional\u201d e \u201ctirano disfar\u00e7ado de juiz\u201d, acusando-o de agir por raiva, recuando apenas por c\u00e1lculo pol\u00edtico.<\/p>\n\n\n\n<p>Em contraste, o l\u00edder do PT na C\u00e2mara, Lindbergh Farias (RJ), elogiou a decis\u00e3o, chamando-a de prudente para evitar transformar Bolsonaro em \u201cpseudov\u00edtima\u201d e refor\u00e7ar sua narrativa de persegui\u00e7\u00e3o.<\/p>\n\n\n\n<p>Lindbergh afirmou que o processo seguir\u00e1 e prev\u00ea pris\u00e3o definitiva em at\u00e9 dois meses por \u201cgraves crimes contra o Estado Democr\u00e1tico de Direito\u201d.<\/p>\n\n\n\n<p>A decis\u00e3o refor\u00e7a o clima tenso entre os poderes e polariza opini\u00f5es sobre o futuro pol\u00edtico do pa\u00eds.<\/p>\n","protected":false},"excerpt":{"rendered":"<p>Ministro do STF descarta pris\u00e3o preventiva, mas alerta: \u201cJusti\u00e7a n\u00e3o \u00e9 tola\u201d O l\u00edder do PL na C\u00e2mara, S\u00f3stenes Cavalcante&hellip;<\/p>\n","protected":false},"author":1,"featured_media":6887,"comment_status":"open","ping_status":"open","sticky":false,"template":"","format":"standard","meta":{"footnotes":""},"categories":[1],"tags":[],"class_list":["post-6886","post","type-post","status-publish","format-standard","has-post-thumbnail","hentry","category-uncategorized"],"_links":{"self":[{"href":"https:\/\/suanoticiaaqui.com.br\/news\/wp-json\/wp\/v2\/posts\/6886","targetHints":{"allow":["GET"]}}],"collection":[{"href":"https:\/\/suanoticiaaqui.com.br\/news\/wp-json\/wp\/v2\/posts"}],"about":[{"href":"https:\/\/suanoticiaaqui.com.br\/news\/wp-json\/wp\/v2\/types\/post"}],"author":[{"embeddable":true,"href":"https:\/\/suanoticiaaqui.com.br\/news\/wp-json\/wp\/v2\/users\/1"}],"replies":[{"embeddable":true,"href":"https:\/\/suanoticiaaqui.com.br\/news\/wp-json\/wp\/v2\/comments?post=6886"}],"version-history":[{"count":1,"href":"https:\/\/suanoticiaaqui.com.br\/news\/wp-json\/wp\/v2\/posts\/6886\/revisions"}],"predecessor-version":[{"id":6888,"href":"https:\/\/suanoticiaaqui.com.br\/news\/wp-json\/wp\/v2\/posts\/6886\/revisions\/6888"}],"wp:featuredmedia":[{"embeddable":true,"href":"https:\/\/suanoticiaaqui.com.br\/news\/wp-json\/wp\/v2\/media\/6887"}],"wp:attachment":[{"href":"https:\/\/suanoticiaaqui.com.br\/news\/wp-json\/wp\/v2\/media?parent=6886"}],"wp:term":[{"taxonomy":"category","embeddable":true,"href":"https:\/\/suanoticiaaqui.com.br\/news\/wp-json\/wp\/v2\/categories?post=6886"},{"taxonomy":"post_tag","embeddable":true,"href":"https:\/\/suanoticiaaqui.com.br\/news\/wp-json\/wp\/v2\/tags?post=6886"}],"curies":[{"name":"wp","href":"https:\/\/api.w.org\/{rel}","templated":true}]}}